{"id":5655,"date":"2025-04-11T11:21:00","date_gmt":"2025-04-11T09:21:00","guid":{"rendered":"https:\/\/rentado.ro\/?p=5655"},"modified":"2025-04-15T15:21:50","modified_gmt":"2025-04-15T13:21:50","slug":"vacanze-di-primavera-2025-noleggio-auto-per-pasqua-scoprire-la-romania-con-rentado","status":"publish","type":"post","link":"https:\/\/rentado.ro\/it\/vacanta-de-primavara-2025-inchirieri-auto-de-paste-descopera-romania-cu-rentado\/","title":{"rendered":"Vacanze di primavera 2025: noleggio auto per Pasqua - Scoprire la Romania con Rentado"},"content":{"rendered":"<p>La primavera \u00e8 la stagione perfetta per una fuga dalla routine quotidiana e la Pasqua 2025 offre l'opportunit\u00e0 ideale per esplorare nuovi luoghi e vivere momenti indimenticabili con i propri cari. In questo articolo vi presenteremo le destinazioni pi\u00f9 interessanti per le vostre vacanze di Pasqua e vi daremo consigli utili per rendere il vostro viaggio semplice, comodo e senza problemi noleggiando un'auto da Rentado.<\/p>\n\n\n\n<h2 class=\"wp-block-heading\">Noleggio auto Bucarest Otopeni Aeroporto<\/h2>\n\n\n\n<p>Noleggio auto Bucarest, direttamente dall'aeroporto di Otopeni! Rentado \u00e8 una societ\u00e0 affidabile per il noleggio di auto a Bucarest, senza garanzia, a prezzi molto buoni e con auto molto ben tenute!<\/p>\n\n\n\n<h3 class=\"wp-block-heading\">NESSUNA GARANZIA<br>Il noleggio auto come dovrebbe essere: semplice, veloce e senza garanzie, solo da Rentado!<\/h3>\n\n\n\n<h3 class=\"wp-block-heading\">CASCO COMPLETO SENZA DEPOSITO<br>Protezione completa senza costi nascosti - CASCO COMPLETO senza deposito, solo da Rentado!<\/h3>\n\n\n\n<h3 class=\"wp-block-heading\">NESSUNA TASSA NASCOSTA<br>Trasparenza totale, nessuna sorpresa - nessuna spesa nascosta in Rentado!<\/h3>\n\n\n\n<h3 class=\"wp-block-heading\">PROGRAMMA NON-STOP<br>Giorno o notte, consegniamo la vostra auto! Rentado - Noleggio NON-STOP!<\/h3>\n\n\n\n<h3 class=\"wp-block-heading\">CHILOMETRI ILLIMITATI<br>Viaggiare senza limiti - chilometri illimitati con Rentado!<\/h3>\n\n\n\n<h3 class=\"wp-block-heading\">SECONDO CONDUCENTE GRATIS!<br>Pi\u00f9 libert\u00e0 sulla strada: i secondi conducenti possono guidare gratuitamente!<\/h3>\n\n\n\n<h3 class=\"wp-block-heading\">Consegna non stop all'aeroporto di Otopeni: Fornisce servizi di consegna e ritiro direttamente in aeroporto senza costi aggiuntivi.<\/h3>\n\n\n\n<p><a href=\"https:\/\/rentado.ro\/it\/noleggio-auto-automatico-o-manuale-qual-e-la-scelta-migliore\/\">Noleggio auto manuale o automatico?<\/a><\/p>\n\n\n\n<h3 class=\"wp-block-heading\">Pianificate in anticipo le vostre vacanze di Pasqua 2025<\/h3>\n\n\n\n<p>La Pasqua del 2025 si avvicina rapidamente e una vacanza primaverile \u00e8 l'occasione perfetta per conoscere le tradizioni ed esplorare gli angoli pi\u00f9 belli della Romania. Per questo vi consigliamo di pianificare la vostra vacanza con largo anticipo e di prenotare un'auto a noleggio con Rentado, in modo da poter godere di flessibilit\u00e0, comfort e sicurezza durante tutto il viaggio.<\/p>\n\n\n\n<p>Sia che viaggiate in aereo o che scegliate di guidare, il noleggio di un'auto vi dar\u00e0 la mobilit\u00e0 e la libert\u00e0 di visitare luoghi spettacolari senza dover ricorrere ai trasporti pubblici o ad altri mezzi di trasporto meno convenienti.<\/p>\n\n\n\n<figure class=\"wp-block-image size-large\"><img fetchpriority=\"high\" decoding=\"async\" width=\"1024\" height=\"1024\" src=\"https:\/\/rentado.ro\/wp-content\/uploads\/2025\/04\/rentado-happy-easter-1024x1024.png\" alt=\"\" class=\"wp-image-5657\" srcset=\"https:\/\/rentado.ro\/wp-content\/uploads\/2025\/04\/rentado-happy-easter-1024x1024.png 1024w, https:\/\/rentado.ro\/wp-content\/uploads\/2025\/04\/rentado-happy-easter-300x300.png 300w, https:\/\/rentado.ro\/wp-content\/uploads\/2025\/04\/rentado-happy-easter-150x150.png 150w, https:\/\/rentado.ro\/wp-content\/uploads\/2025\/04\/rentado-happy-easter-768x768.png 768w, https:\/\/rentado.ro\/wp-content\/uploads\/2025\/04\/rentado-happy-easter-12x12.png 12w, https:\/\/rentado.ro\/wp-content\/uploads\/2025\/04\/rentado-happy-easter-350x350.png 350w, https:\/\/rentado.ro\/wp-content\/uploads\/2025\/04\/rentado-happy-easter-600x600.png 600w, https:\/\/rentado.ro\/wp-content\/uploads\/2025\/04\/rentado-happy-easter-855x855.png 855w, https:\/\/rentado.ro\/wp-content\/uploads\/2025\/04\/rentado-happy-easter-415x415.png 415w, https:\/\/rentado.ro\/wp-content\/uploads\/2025\/04\/rentado-happy-easter-100x100.png 100w, https:\/\/rentado.ro\/wp-content\/uploads\/2025\/04\/rentado-happy-easter.png 1080w\" sizes=\"(max-width: 1024px) 100vw, 1024px\" \/><\/figure>\n\n\n\n<p><strong>Perch\u00e9 prenotare in anticipo?<\/strong><\/p>\n\n\n\n<p>Prenotando un'auto a noleggio in anticipo, avrete accesso a un'ampia gamma di veicoli a prezzi accessibili senza sforare il vostro budget per le vacanze. Potete anche optare per un'auto completamente protetta, per viaggiare senza preoccupazioni e con il massimo comfort. Inoltre, prenotando in anticipo, eviterete la folla delle vacanze e avrete un posto sicuro per i vostri spostamenti.<\/p>\n\n\n\n<p><a href=\"https:\/\/rentado.ro\/it\/noleggio-auto-senza-carta-di-credito-come-funziona\/\">Noleggio auto senza carta di credito<\/a><\/p>\n\n\n\n<h3 class=\"wp-block-heading\">Provate un viaggio indimenticabile con l'autonoleggio<\/h3>\n\n\n\n<p>Per rendere la vostra vacanza completa, vi consigliamo di noleggiare un'auto a Bucarest o in altre grandi citt\u00e0, in modo da poter esplorare la Romania senza restrizioni. I vostri viaggi saranno molto pi\u00f9 comodi e piacevoli e potrete ammirare i luoghi e le attrazioni locali.<\/p>\n\n\n\n<p>Ecco alcune delle destinazioni pi\u00f9 popolari per le vacanze di Pasqua 2025, dove vi consigliamo di andare con un'auto a noleggio:<\/p>\n\n\n\n<h3 class=\"wp-block-heading\">Noleggio auto a Brasov e dintorni<\/h3>\n\n\n\n<p>Brasov, con il suo centro storico e l'atmosfera medievale, \u00e8 una delle destinazioni pasquali pi\u00f9 popolari. Nella zona di Brasov, potrete godere di:<\/p>\n\n\n\n<ul class=\"wp-block-list\">\n<li><strong>Centro storico di Brasov<\/strong> e <strong>Chiesa nera<\/strong> - luoghi ricchi di storia e tradizione;<\/li>\n\n\n\n<li><strong>Castello di Bran<\/strong> - per un'incursione nella storia leggendaria della zona;<\/li>\n\n\n\n<li><strong>Villaggi turistici nell'area di R\u00e2\u0219nov - Poiana Bra\u0219ov<\/strong> - luoghi perfetti per rilassarsi e divertirsi;<\/li>\n\n\n\n<li><strong>Villaggi pittoreschi Bran-Moieciu-Fundata<\/strong> - dove potrete sperimentare l'ospitalit\u00e0 e le tradizioni locali.<\/li>\n<\/ul>\n\n\n\n<p>Noleggiando un'auto da Rentado, avrete un accesso rapido e comodo a queste attrazioni e il viaggio sar\u00e0 un piacere.<\/p>\n\n\n\n<h3 class=\"wp-block-heading\">Noleggio auto a Maramure\u0219<\/h3>\n\n\n\n<p>Maramure\u0219 \u00e8 una delle regioni pi\u00f9 autentiche della Romania, nota per le sue tradizioni ben conservate. Qui \u00e8 possibile visitare:<\/p>\n\n\n\n<ul class=\"wp-block-list\">\n<li><strong>Chiese in legno<\/strong> - Siti del patrimonio mondiale dell'UNESCO;<\/li>\n\n\n\n<li><strong>Monti Gut\u00e2i e Rodnei<\/strong> - per escursioni indimenticabili;<\/li>\n\n\n\n<li><strong>Il cimitero allegro di S\u0103p\u00e2n\u021ba<\/strong> - un luogo unico al mondo;<\/li>\n\n\n\n<li>Paesaggi da sogno e autentiche tradizioni pasquali.<\/li>\n<\/ul>\n\n\n\n<p>Noleggiando un'auto, potrete esplorare ogni angolo di questo paradiso rumeno.<\/p>\n\n\n\n<h3 class=\"wp-block-heading\">Noleggio auto in Bucovina<\/h3>\n\n\n\n<p>La Bucovina \u00e8 una destinazione da sogno, dove le tradizioni pasquali sono conservate con santit\u00e0. Qui potrete godere di:<\/p>\n\n\n\n<ul class=\"wp-block-list\">\n<li><strong>Monasteri dipinti<\/strong> (Vorone\u021b, Sucevi\u021ba, Moldovi\u021ba, Putna);<\/li>\n\n\n\n<li><strong>Monti Rar\u0103u e Giumal\u0103u<\/strong> - per gli amanti dell'escursionismo;<\/li>\n\n\n\n<li><strong>Signora Stones<\/strong> - un luogo spettacolare per le escursioni.<\/li>\n<\/ul>\n\n\n\n<p>Una vacanza di Pasqua in Bucovina sar\u00e0 un vero toccasana per il corpo e per l'anima.<\/p>\n\n\n\n<h3 class=\"wp-block-heading\">Noleggio auto a Arie\u0219eni<\/h3>\n\n\n\n<p>Per una vacanza tranquilla in mezzo alla natura, Arie\u0219eni \u00e8 la scelta perfetta. Questo meraviglioso luogo sui Monti Apuseni vi offrir\u00e0:<\/p>\n\n\n\n<ul class=\"wp-block-list\">\n<li><strong>Aria fresca e paesaggi spettacolari<\/strong>;<\/li>\n\n\n\n<li><strong>Grotta di Sc\u0103ri\u0219oara<\/strong> - con uno dei pi\u00f9 grandi ghiacciai sotterranei d'Europa;<\/li>\n\n\n\n<li><strong>Il pozzo arrugginito<\/strong> e <strong>Cascata di V\u00e2rciorog<\/strong> - per gli amanti della natura e delle escursioni.<\/li>\n<\/ul>\n\n\n\n<p>Noleggiando un'auto Rentado, potrete raggiungere facilmente questi luoghi senza lo stress di un viaggio noioso. Il ritiro e la riconsegna avvengono ininterrottamente dall'aeroporto di Otopeni. <\/p>\n\n\n\n<p>Le vacanze di Pasqua 2025 sono un'ottima occasione per scoprire la Romania e le sue tradizioni uniche. Qualunque sia la destinazione scelta, noleggiare un'auto da Rentado vi garantir\u00e0 comfort, flessibilit\u00e0 e sicurezza per tutta la durata della vostra vacanza.<\/p>\n\n\n\n<p>Non dimenticate di prenotare in anticipo e di approfittare delle offerte di Rentado per godervi una vacanza spensierata e ricca di momenti memorabili con i vostri cari!<\/p>\n\n\n\n<p>Prenotate ora il vostro noleggio auto su <a class=\"\" href=\"https:\/\/rentado.ro\/it\/\">Rentado.ro<\/a> e rendere indimenticabili le vostre vacanze di primavera 2025!<\/p>","protected":false},"excerpt":{"rendered":"<p>Prim\u0103vara este sezonul perfect pentru o escapad\u0103 din rutina zilnic\u0103, iar Pa\u0219tele 2025 ofer\u0103 o oportunitate ideal\u0103 pentru a explora locuri noi \u0219i a tr\u0103i momente de neuitat al\u0103turi de cei dragi. \u00cen acest articol, \u00ee\u021bi vom prezenta cele mai atractive destina\u021bii pentru vacan\u021ba de Pa\u0219te \u0219i \u00ee\u021bi vom oferi sfaturi utile pentru a face [&hellip;]<\/p>\n","protected":false},"author":2,"featured_media":5656,"comment_status":"open","ping_status":"open","sticky":false,"template":"","format":"standard","meta":{"footnotes":""},"categories":[128,159,160,127],"tags":[],"class_list":["post-5655","post","type-post","status-publish","format-standard","has-post-thumbnail","hentry","category-inchiriere-auto-aeroport-otopeni","category-inchirieri-auto-fara-depozit","category-inchirieri-auto-fara-garantie","category-rent-a-car-bucuresti"],"yoast_head":"<!-- This site is optimized with the Yoast SEO plugin v27.1.1 - https:\/\/yoast.com\/product\/yoast-seo-wordpress\/ -->\n<title>Vacan\u021b\u0103 de prim\u0103var\u0103 2025: \u00cenchirieri auto de Pa\u0219te \u2013 Descoper\u0103 Rom\u00e2nia cu Rentado - Rentado - Inchirieri Auto Otopeni<\/title>\n<meta name=\"description\" content=\"Vacan\u021b\u0103 de prim\u0103var\u0103 2025: \u00cenchirieri auto de Pa\u0219te \u2013 Descoper\u0103 Rom\u00e2nia cu Rentado - Rentado - Inchirieri Auto Otopeni\" \/>\n<meta name=\"robots\" content=\"index, follow, max-snippet:-1, max-image-preview:large, max-video-preview:-1\" \/>\n<link rel=\"canonical\" href=\"https:\/\/rentado.ro\/it\/vacanze-di-primavera-2025-noleggio-auto-per-pasqua-scoprire-la-romania-con-rentado\/\" \/>\n<meta property=\"og:locale\" content=\"it_IT\" \/>\n<meta property=\"og:type\" content=\"article\" \/>\n<meta property=\"og:title\" content=\"Vacan\u021b\u0103 de prim\u0103var\u0103 2025: \u00cenchirieri auto de Pa\u0219te \u2013 Descoper\u0103 Rom\u00e2nia cu Rentado - Rentado - Inchirieri Auto Otopeni\" \/>\n<meta property=\"og:description\" content=\"Vacan\u021b\u0103 de prim\u0103var\u0103 2025: \u00cenchirieri auto de Pa\u0219te \u2013 Descoper\u0103 Rom\u00e2nia cu Rentado - Rentado - Inchirieri Auto Otopeni\" \/>\n<meta property=\"og:url\" content=\"https:\/\/rentado.ro\/it\/vacanze-di-primavera-2025-noleggio-auto-per-pasqua-scoprire-la-romania-con-rentado\/\" \/>\n<meta property=\"og:site_name\" content=\"Rentado - Inchirieri Auto Otopeni\" \/>\n<meta property=\"article:published_time\" content=\"2025-04-11T09:21:00+00:00\" \/>\n<meta property=\"article:modified_time\" content=\"2025-04-15T13:21:50+00:00\" \/>\n<meta property=\"og:image\" content=\"https:\/\/rentado.ro\/wp-content\/uploads\/2025\/04\/rent-a-car-vacanta-de-paste-2025.jpg\" \/>\n\t<meta property=\"og:image:width\" content=\"2560\" \/>\n\t<meta property=\"og:image:height\" content=\"1707\" \/>\n\t<meta property=\"og:image:type\" content=\"image\/jpeg\" \/>\n<meta name=\"author\" content=\"Dosinescu Ioana\" \/>\n<meta name=\"twitter:card\" content=\"summary_large_image\" \/>\n<meta name=\"twitter:label1\" content=\"Scritto da\" \/>\n\t<meta name=\"twitter:data1\" content=\"Dosinescu Ioana\" \/>\n\t<meta name=\"twitter:label2\" content=\"Tempo di lettura stimato\" \/>\n\t<meta name=\"twitter:data2\" content=\"6 minuti\" \/>\n<script type=\"application\/ld+json\" class=\"yoast-schema-graph\">{\"@context\":\"https:\/\/schema.org\",\"@graph\":[{\"@type\":\"Article\",\"@id\":\"https:\/\/rentado.ro\/vacanta-de-primavara-2025-inchirieri-auto-de-paste-descopera-romania-cu-rentado\/#article\",\"isPartOf\":{\"@id\":\"https:\/\/rentado.ro\/vacanta-de-primavara-2025-inchirieri-auto-de-paste-descopera-romania-cu-rentado\/\"},\"author\":{\"name\":\"Dosinescu Ioana\",\"@id\":\"https:\/\/rentado.ro\/#\/schema\/person\/fd082d67790137b4fc2a7a6de2926533\"},\"headline\":\"Vacan\u021b\u0103 de prim\u0103var\u0103 2025: \u00cenchirieri auto de Pa\u0219te \u2013 Descoper\u0103 Rom\u00e2nia cu Rentado\",\"datePublished\":\"2025-04-11T09:21:00+00:00\",\"dateModified\":\"2025-04-15T13:21:50+00:00\",\"mainEntityOfPage\":{\"@id\":\"https:\/\/rentado.ro\/vacanta-de-primavara-2025-inchirieri-auto-de-paste-descopera-romania-cu-rentado\/\"},\"wordCount\":1055,\"commentCount\":0,\"publisher\":{\"@id\":\"https:\/\/rentado.ro\/#organization\"},\"image\":{\"@id\":\"https:\/\/rentado.ro\/vacanta-de-primavara-2025-inchirieri-auto-de-paste-descopera-romania-cu-rentado\/#primaryimage\"},\"thumbnailUrl\":\"https:\/\/rentado.ro\/wp-content\/uploads\/2025\/04\/rent-a-car-vacanta-de-paste-2025.jpg\",\"articleSection\":[\"Inchiriere auto Aeroport Otopeni\",\"Inchirieri auto fara depozit\",\"Inchirieri auto fara garantie\",\"Rent a car Bucuresti\"],\"inLanguage\":\"it-IT\",\"potentialAction\":[{\"@type\":\"CommentAction\",\"name\":\"Comment\",\"target\":[\"https:\/\/rentado.ro\/vacanta-de-primavara-2025-inchirieri-auto-de-paste-descopera-romania-cu-rentado\/#respond\"]}]},{\"@type\":\"WebPage\",\"@id\":\"https:\/\/rentado.ro\/vacanta-de-primavara-2025-inchirieri-auto-de-paste-descopera-romania-cu-rentado\/\",\"url\":\"https:\/\/rentado.ro\/vacanta-de-primavara-2025-inchirieri-auto-de-paste-descopera-romania-cu-rentado\/\",\"name\":\"Vacan\u021b\u0103 de prim\u0103var\u0103 2025: \u00cenchirieri auto de Pa\u0219te \u2013 Descoper\u0103 Rom\u00e2nia cu Rentado - Rentado - Inchirieri Auto Otopeni\",\"isPartOf\":{\"@id\":\"https:\/\/rentado.ro\/#website\"},\"primaryImageOfPage\":{\"@id\":\"https:\/\/rentado.ro\/vacanta-de-primavara-2025-inchirieri-auto-de-paste-descopera-romania-cu-rentado\/#primaryimage\"},\"image\":{\"@id\":\"https:\/\/rentado.ro\/vacanta-de-primavara-2025-inchirieri-auto-de-paste-descopera-romania-cu-rentado\/#primaryimage\"},\"thumbnailUrl\":\"https:\/\/rentado.ro\/wp-content\/uploads\/2025\/04\/rent-a-car-vacanta-de-paste-2025.jpg\",\"datePublished\":\"2025-04-11T09:21:00+00:00\",\"dateModified\":\"2025-04-15T13:21:50+00:00\",\"description\":\"Vacan\u021b\u0103 de prim\u0103var\u0103 2025: \u00cenchirieri auto de Pa\u0219te \u2013 Descoper\u0103 Rom\u00e2nia cu Rentado - Rentado - Inchirieri Auto Otopeni\",\"breadcrumb\":{\"@id\":\"https:\/\/rentado.ro\/vacanta-de-primavara-2025-inchirieri-auto-de-paste-descopera-romania-cu-rentado\/#breadcrumb\"},\"inLanguage\":\"it-IT\",\"potentialAction\":[{\"@type\":\"ReadAction\",\"target\":[\"https:\/\/rentado.ro\/vacanta-de-primavara-2025-inchirieri-auto-de-paste-descopera-romania-cu-rentado\/\"]}]},{\"@type\":\"ImageObject\",\"inLanguage\":\"it-IT\",\"@id\":\"https:\/\/rentado.ro\/vacanta-de-primavara-2025-inchirieri-auto-de-paste-descopera-romania-cu-rentado\/#primaryimage\",\"url\":\"https:\/\/rentado.ro\/wp-content\/uploads\/2025\/04\/rent-a-car-vacanta-de-paste-2025.jpg\",\"contentUrl\":\"https:\/\/rentado.ro\/wp-content\/uploads\/2025\/04\/rent-a-car-vacanta-de-paste-2025.jpg\",\"width\":2560,\"height\":1707},{\"@type\":\"BreadcrumbList\",\"@id\":\"https:\/\/rentado.ro\/vacanta-de-primavara-2025-inchirieri-auto-de-paste-descopera-romania-cu-rentado\/#breadcrumb\",\"itemListElement\":[{\"@type\":\"ListItem\",\"position\":1,\"name\":\"Prima pagin\u0103\",\"item\":\"https:\/\/rentado.ro\/\"},{\"@type\":\"ListItem\",\"position\":2,\"name\":\"Vacan\u021b\u0103 de prim\u0103var\u0103 2025: \u00cenchirieri auto de Pa\u0219te \u2013 Descoper\u0103 Rom\u00e2nia cu Rentado\"}]},{\"@type\":\"WebSite\",\"@id\":\"https:\/\/rentado.ro\/#website\",\"url\":\"https:\/\/rentado.ro\/\",\"name\":\"Rentado - Inchirieri Auto Otopeni\",\"description\":\"Your Mobility Partner\",\"publisher\":{\"@id\":\"https:\/\/rentado.ro\/#organization\"},\"alternateName\":\"Inchirieri masini Otopeni\",\"potentialAction\":[{\"@type\":\"SearchAction\",\"target\":{\"@type\":\"EntryPoint\",\"urlTemplate\":\"https:\/\/rentado.ro\/?s={search_term_string}\"},\"query-input\":{\"@type\":\"PropertyValueSpecification\",\"valueRequired\":true,\"valueName\":\"search_term_string\"}}],\"inLanguage\":\"it-IT\"},{\"@type\":\"Organization\",\"@id\":\"https:\/\/rentado.ro\/#organization\",\"name\":\"TTR MOBILITY NETWORK SRL\",\"alternateName\":\"Rentado\",\"url\":\"https:\/\/rentado.ro\/\",\"logo\":{\"@type\":\"ImageObject\",\"inLanguage\":\"it-IT\",\"@id\":\"https:\/\/rentado.ro\/#\/schema\/logo\/image\/\",\"url\":\"https:\/\/rentado.ro\/wp-content\/uploads\/2024\/04\/rentado-686.png\",\"contentUrl\":\"https:\/\/rentado.ro\/wp-content\/uploads\/2024\/04\/rentado-686.png\",\"width\":696,\"height\":696,\"caption\":\"TTR MOBILITY NETWORK SRL\"},\"image\":{\"@id\":\"https:\/\/rentado.ro\/#\/schema\/logo\/image\/\"}},{\"@type\":\"Person\",\"@id\":\"https:\/\/rentado.ro\/#\/schema\/person\/fd082d67790137b4fc2a7a6de2926533\",\"name\":\"Dosinescu Ioana\",\"image\":{\"@type\":\"ImageObject\",\"inLanguage\":\"it-IT\",\"@id\":\"https:\/\/rentado.ro\/#\/schema\/person\/image\/\",\"url\":\"https:\/\/rentado.ro\/wp-content\/litespeed\/avatar\/4b725e7fd2fe470b2e00a74b87e2f04c.jpg?ver=1777442678\",\"contentUrl\":\"https:\/\/rentado.ro\/wp-content\/litespeed\/avatar\/4b725e7fd2fe470b2e00a74b87e2f04c.jpg?ver=1777442678\",\"caption\":\"Dosinescu Ioana\"},\"url\":\"https:\/\/rentado.ro\/it\/author\/ioana\/\"}]}<\/script>\n<!-- \/ Yoast SEO plugin. -->","yoast_head_json":{"title":"Vacanze di primavera 2025: noleggio auto a Pasqua - Scoprire la Romania con Rentado - Rentado - Noleggio auto Otopeni Aeroporto","description":"Vacanze di primavera 2025: noleggio auto a Pasqua - Scoprire la Romania con Rentado - Rentado - Noleggio auto Otopeni Aeroporto","robots":{"index":"index","follow":"follow","max-snippet":"max-snippet:-1","max-image-preview":"max-image-preview:large","max-video-preview":"max-video-preview:-1"},"canonical":"https:\/\/rentado.ro\/it\/vacanze-di-primavera-2025-noleggio-auto-per-pasqua-scoprire-la-romania-con-rentado\/","og_locale":"it_IT","og_type":"article","og_title":"Vacan\u021b\u0103 de prim\u0103var\u0103 2025: \u00cenchirieri auto de Pa\u0219te \u2013 Descoper\u0103 Rom\u00e2nia cu Rentado - Rentado - Inchirieri Auto Otopeni","og_description":"Vacan\u021b\u0103 de prim\u0103var\u0103 2025: \u00cenchirieri auto de Pa\u0219te \u2013 Descoper\u0103 Rom\u00e2nia cu Rentado - Rentado - Inchirieri Auto Otopeni","og_url":"https:\/\/rentado.ro\/it\/vacanze-di-primavera-2025-noleggio-auto-per-pasqua-scoprire-la-romania-con-rentado\/","og_site_name":"Rentado - Inchirieri Auto Otopeni","article_published_time":"2025-04-11T09:21:00+00:00","article_modified_time":"2025-04-15T13:21:50+00:00","og_image":[{"width":2560,"height":1707,"url":"https:\/\/rentado.ro\/wp-content\/uploads\/2025\/04\/rent-a-car-vacanta-de-paste-2025.jpg","type":"image\/jpeg"}],"author":"Dosinescu Ioana","twitter_card":"summary_large_image","twitter_misc":{"Scritto da":"Dosinescu Ioana","Tempo di lettura stimato":"6 minuti"},"schema":{"@context":"https:\/\/schema.org","@graph":[{"@type":"Article","@id":"https:\/\/rentado.ro\/vacanta-de-primavara-2025-inchirieri-auto-de-paste-descopera-romania-cu-rentado\/#article","isPartOf":{"@id":"https:\/\/rentado.ro\/vacanta-de-primavara-2025-inchirieri-auto-de-paste-descopera-romania-cu-rentado\/"},"author":{"name":"Dosinescu Ioana","@id":"https:\/\/rentado.ro\/#\/schema\/person\/fd082d67790137b4fc2a7a6de2926533"},"headline":"Vacan\u021b\u0103 de prim\u0103var\u0103 2025: \u00cenchirieri auto de Pa\u0219te \u2013 Descoper\u0103 Rom\u00e2nia cu Rentado","datePublished":"2025-04-11T09:21:00+00:00","dateModified":"2025-04-15T13:21:50+00:00","mainEntityOfPage":{"@id":"https:\/\/rentado.ro\/vacanta-de-primavara-2025-inchirieri-auto-de-paste-descopera-romania-cu-rentado\/"},"wordCount":1055,"commentCount":0,"publisher":{"@id":"https:\/\/rentado.ro\/#organization"},"image":{"@id":"https:\/\/rentado.ro\/vacanta-de-primavara-2025-inchirieri-auto-de-paste-descopera-romania-cu-rentado\/#primaryimage"},"thumbnailUrl":"https:\/\/rentado.ro\/wp-content\/uploads\/2025\/04\/rent-a-car-vacanta-de-paste-2025.jpg","articleSection":["Inchiriere auto Aeroport Otopeni","Inchirieri auto fara depozit","Inchirieri auto fara garantie","Rent a car Bucuresti"],"inLanguage":"it-IT","potentialAction":[{"@type":"CommentAction","name":"Comment","target":["https:\/\/rentado.ro\/vacanta-de-primavara-2025-inchirieri-auto-de-paste-descopera-romania-cu-rentado\/#respond"]}]},{"@type":"WebPage","@id":"https:\/\/rentado.ro\/vacanta-de-primavara-2025-inchirieri-auto-de-paste-descopera-romania-cu-rentado\/","url":"https:\/\/rentado.ro\/vacanta-de-primavara-2025-inchirieri-auto-de-paste-descopera-romania-cu-rentado\/","name":"Vacanze di primavera 2025: noleggio auto a Pasqua - Scoprire la Romania con Rentado - Rentado - Noleggio auto Otopeni Aeroporto","isPartOf":{"@id":"https:\/\/rentado.ro\/#website"},"primaryImageOfPage":{"@id":"https:\/\/rentado.ro\/vacanta-de-primavara-2025-inchirieri-auto-de-paste-descopera-romania-cu-rentado\/#primaryimage"},"image":{"@id":"https:\/\/rentado.ro\/vacanta-de-primavara-2025-inchirieri-auto-de-paste-descopera-romania-cu-rentado\/#primaryimage"},"thumbnailUrl":"https:\/\/rentado.ro\/wp-content\/uploads\/2025\/04\/rent-a-car-vacanta-de-paste-2025.jpg","datePublished":"2025-04-11T09:21:00+00:00","dateModified":"2025-04-15T13:21:50+00:00","description":"Vacanze di primavera 2025: noleggio auto a Pasqua - Scoprire la Romania con Rentado - Rentado - Noleggio auto Otopeni Aeroporto","breadcrumb":{"@id":"https:\/\/rentado.ro\/vacanta-de-primavara-2025-inchirieri-auto-de-paste-descopera-romania-cu-rentado\/#breadcrumb"},"inLanguage":"it-IT","potentialAction":[{"@type":"ReadAction","target":["https:\/\/rentado.ro\/vacanta-de-primavara-2025-inchirieri-auto-de-paste-descopera-romania-cu-rentado\/"]}]},{"@type":"ImageObject","inLanguage":"it-IT","@id":"https:\/\/rentado.ro\/vacanta-de-primavara-2025-inchirieri-auto-de-paste-descopera-romania-cu-rentado\/#primaryimage","url":"https:\/\/rentado.ro\/wp-content\/uploads\/2025\/04\/rent-a-car-vacanta-de-paste-2025.jpg","contentUrl":"https:\/\/rentado.ro\/wp-content\/uploads\/2025\/04\/rent-a-car-vacanta-de-paste-2025.jpg","width":2560,"height":1707},{"@type":"BreadcrumbList","@id":"https:\/\/rentado.ro\/vacanta-de-primavara-2025-inchirieri-auto-de-paste-descopera-romania-cu-rentado\/#breadcrumb","itemListElement":[{"@type":"ListItem","position":1,"name":"Prima pagin\u0103","item":"https:\/\/rentado.ro\/"},{"@type":"ListItem","position":2,"name":"Vacan\u021b\u0103 de prim\u0103var\u0103 2025: \u00cenchirieri auto de Pa\u0219te \u2013 Descoper\u0103 Rom\u00e2nia cu Rentado"}]},{"@type":"WebSite","@id":"https:\/\/rentado.ro\/#website","url":"https:\/\/rentado.ro\/","name":"Rentado - Noleggio auto Otopeni","description":"Il vostro partner per la mobilit\u00e0","publisher":{"@id":"https:\/\/rentado.ro\/#organization"},"alternateName":"Inchirieri masini Otopeni","potentialAction":[{"@type":"SearchAction","target":{"@type":"EntryPoint","urlTemplate":"https:\/\/rentado.ro\/?s={search_term_string}"},"query-input":{"@type":"PropertyValueSpecification","valueRequired":true,"valueName":"search_term_string"}}],"inLanguage":"it-IT"},{"@type":"Organization","@id":"https:\/\/rentado.ro\/#organization","name":"TTR MOBILITY NETWORK SRL","alternateName":"Rentado","url":"https:\/\/rentado.ro\/","logo":{"@type":"ImageObject","inLanguage":"it-IT","@id":"https:\/\/rentado.ro\/#\/schema\/logo\/image\/","url":"https:\/\/rentado.ro\/wp-content\/uploads\/2024\/04\/rentado-686.png","contentUrl":"https:\/\/rentado.ro\/wp-content\/uploads\/2024\/04\/rentado-686.png","width":696,"height":696,"caption":"TTR MOBILITY NETWORK SRL"},"image":{"@id":"https:\/\/rentado.ro\/#\/schema\/logo\/image\/"}},{"@type":"Person","@id":"https:\/\/rentado.ro\/#\/schema\/person\/fd082d67790137b4fc2a7a6de2926533","name":"Dosinescu Ioana","image":{"@type":"ImageObject","inLanguage":"it-IT","@id":"https:\/\/rentado.ro\/#\/schema\/person\/image\/","url":"https:\/\/rentado.ro\/wp-content\/litespeed\/avatar\/4b725e7fd2fe470b2e00a74b87e2f04c.jpg?ver=1777442678","contentUrl":"https:\/\/rentado.ro\/wp-content\/litespeed\/avatar\/4b725e7fd2fe470b2e00a74b87e2f04c.jpg?ver=1777442678","caption":"Dosinescu Ioana"},"url":"https:\/\/rentado.ro\/it\/author\/ioana\/"}]}},"_links":{"self":[{"href":"https:\/\/rentado.ro\/it\/wp-json\/wp\/v2\/posts\/5655","targetHints":{"allow":["GET"]}}],"collection":[{"href":"https:\/\/rentado.ro\/it\/wp-json\/wp\/v2\/posts"}],"about":[{"href":"https:\/\/rentado.ro\/it\/wp-json\/wp\/v2\/types\/post"}],"author":[{"embeddable":true,"href":"https:\/\/rentado.ro\/it\/wp-json\/wp\/v2\/users\/2"}],"replies":[{"embeddable":true,"href":"https:\/\/rentado.ro\/it\/wp-json\/wp\/v2\/comments?post=5655"}],"version-history":[{"count":1,"href":"https:\/\/rentado.ro\/it\/wp-json\/wp\/v2\/posts\/5655\/revisions"}],"predecessor-version":[{"id":5658,"href":"https:\/\/rentado.ro\/it\/wp-json\/wp\/v2\/posts\/5655\/revisions\/5658"}],"wp:featuredmedia":[{"embeddable":true,"href":"https:\/\/rentado.ro\/it\/wp-json\/wp\/v2\/media\/5656"}],"wp:attachment":[{"href":"https:\/\/rentado.ro\/it\/wp-json\/wp\/v2\/media?parent=5655"}],"wp:term":[{"taxonomy":"category","embeddable":true,"href":"https:\/\/rentado.ro\/it\/wp-json\/wp\/v2\/categories?post=5655"},{"taxonomy":"post_tag","embeddable":true,"href":"https:\/\/rentado.ro\/it\/wp-json\/wp\/v2\/tags?post=5655"}],"curies":[{"name":"wp","href":"https:\/\/api.w.org\/{rel}","templated":true}]}}