{"id":5311,"date":"2024-11-19T13:43:02","date_gmt":"2024-11-19T13:43:02","guid":{"rendered":"https:\/\/rentado.ro\/?p=5311"},"modified":"2024-11-19T13:43:02","modified_gmt":"2024-11-19T13:43:02","slug":"perche-noleggiare-unauto-per-le-feste","status":"publish","type":"post","link":"https:\/\/rentado.ro\/it\/de-ce-sa-inchiriezi-o-masina-pentru-sarbatori\/","title":{"rendered":"Perch\u00e9 noleggiare un'auto per le vacanze?"},"content":{"rendered":"<p>Le vacanze invernali portano con s\u00e9 magia e gioia, ma anche il desiderio di stare con i propri cari, indipendentemente dalla distanza. Che si tratti di una vacanza in montagna, di una visita ai parenti o di un'escursione spontanea, in questo periodo dell'anno viaggiare diventa essenziale. Un'auto a noleggio vi d\u00e0 la libert\u00e0 di godervi i paesaggi invernali, i sentieri spettacolari e le soste dove volete, senza la preoccupazione degli orari dei trasporti pubblici.&nbsp;<\/p>\n\n\n\n<p><a href=\"https:\/\/rentado.ro\/it\/\">Affittato<\/a> offre un'ampia gamma di auto, pronte per la stagione fredda e dotate del massimo comfort. Cos\u00ec potrete godervi la tranquillit\u00e0 della strada aperta e arrivare a destinazione in tutta sicurezza, sia che scegliate una fuga di un giorno che un soggiorno pi\u00f9 lungo. Rendete il vostro viaggio di vacanza un'esperienza memorabile e ricca di momenti speciali con Rentado!<\/p>\n\n\n\n<figure class=\"wp-block-image size-large\"><img fetchpriority=\"high\" decoding=\"async\" width=\"1024\" height=\"576\" src=\"https:\/\/rentado.ro\/wp-content\/uploads\/2024\/11\/inchiriere-masini-de-craciun-1024x576.png\" alt=\"\" class=\"wp-image-5312\" srcset=\"https:\/\/rentado.ro\/wp-content\/uploads\/2024\/11\/inchiriere-masini-de-craciun-1024x576.png 1024w, https:\/\/rentado.ro\/wp-content\/uploads\/2024\/11\/inchiriere-masini-de-craciun-300x169.png 300w, https:\/\/rentado.ro\/wp-content\/uploads\/2024\/11\/inchiriere-masini-de-craciun-768x432.png 768w, https:\/\/rentado.ro\/wp-content\/uploads\/2024\/11\/inchiriere-masini-de-craciun-350x197.png 350w, https:\/\/rentado.ro\/wp-content\/uploads\/2024\/11\/inchiriere-masini-de-craciun-600x338.png 600w, https:\/\/rentado.ro\/wp-content\/uploads\/2024\/11\/inchiriere-masini-de-craciun-855x481.png 855w, https:\/\/rentado.ro\/wp-content\/uploads\/2024\/11\/inchiriere-masini-de-craciun-415x233.png 415w, https:\/\/rentado.ro\/wp-content\/uploads\/2024\/11\/inchiriere-masini-de-craciun.png 1280w\" sizes=\"(max-width: 1024px) 100vw, 1024px\" \/><\/figure>\n\n\n\n<h2 class=\"wp-block-heading\">Organizzazione del viaggio flessibile<\/h2>\n\n\n\n<p>Il noleggio di un'auto per le vacanze vi d\u00e0 la libert\u00e0 di viaggiare secondo i vostri orari. Non dipendete pi\u00f9 dagli orari dei trasporti pubblici o dai taxi, e questo vi permette di gestire il vostro tempo in modo pi\u00f9 efficiente e di visitare pi\u00f9 luoghi.<\/p>\n\n\n\n<p>Con Rentado potete scegliere tra un'ampia gamma di veicoli in base alle vostre esigenze, dalle auto compatte per gli spostamenti veloci in citt\u00e0 agli spaziosi SUV per le vacanze in montagna. In questo modo avrete il controllo totale dei vostri piani, indipendentemente da dove andrete.<\/p>\n\n\n\n<h2 class=\"wp-block-heading\">Evitare l'usura della propria autovettura<\/h2>\n\n\n\n<p>I lunghi viaggi per le vacanze possono causare un'ulteriore usura dell'auto. Strade trafficate, condizioni meteorologiche difficili e un elevato chilometraggio possono portare a costi di riparazione e manutenzione inaspettati.<\/p>\n\n\n\n<p>Noleggiando un'auto da Rentado, potrete lasciare da parte queste preoccupazioni. Tutti i veicoli della flotta sono sottoposti a regolare manutenzione e pronti per qualsiasi tipo di viaggio. Rentado offre assistenza in caso di emergenza, in modo che possiate godervi il viaggio senza stress.<\/p>\n\n\n\n<h2 class=\"wp-block-heading\">Pi\u00f9 spazio per la famiglia e i bagagli<\/h2>\n\n\n\n<p>Se avete intenzione di viaggiare con la famiglia o con un gruppo di amici, lo spazio diventa una priorit\u00e0. La vostra auto personale potrebbe non essere abbastanza spaziosa per bagagli, regali e altri oggetti necessari per le vacanze.<\/p>\n\n\n\n<p>Con Rentado potete noleggiare un'auto adatta alle vostre esigenze specifiche. Ad esempio, un SUV con un bagagliaio generoso pu\u00f2 rendere il viaggio pi\u00f9 confortevole per tutti i passeggeri. <strong>Noleggiate subito un'auto online su Rentado.ro!<\/strong><\/p>\n\n\n\n<figure class=\"wp-block-image size-large\"><img decoding=\"async\" width=\"1024\" height=\"576\" src=\"https:\/\/rentado.ro\/wp-content\/uploads\/2024\/11\/inchirieri-masini-vacanta-de-craciun-1024x576.png\" alt=\"\" class=\"wp-image-5313\" srcset=\"https:\/\/rentado.ro\/wp-content\/uploads\/2024\/11\/inchirieri-masini-vacanta-de-craciun-1024x576.png 1024w, https:\/\/rentado.ro\/wp-content\/uploads\/2024\/11\/inchirieri-masini-vacanta-de-craciun-300x169.png 300w, https:\/\/rentado.ro\/wp-content\/uploads\/2024\/11\/inchirieri-masini-vacanta-de-craciun-768x432.png 768w, https:\/\/rentado.ro\/wp-content\/uploads\/2024\/11\/inchirieri-masini-vacanta-de-craciun-350x197.png 350w, https:\/\/rentado.ro\/wp-content\/uploads\/2024\/11\/inchirieri-masini-vacanta-de-craciun-600x338.png 600w, https:\/\/rentado.ro\/wp-content\/uploads\/2024\/11\/inchirieri-masini-vacanta-de-craciun-855x481.png 855w, https:\/\/rentado.ro\/wp-content\/uploads\/2024\/11\/inchirieri-masini-vacanta-de-craciun-415x233.png 415w, https:\/\/rentado.ro\/wp-content\/uploads\/2024\/11\/inchirieri-masini-vacanta-de-craciun.png 1280w\" sizes=\"(max-width: 1024px) 100vw, 1024px\" \/><\/figure>\n\n\n\n<h2 class=\"wp-block-heading\">Costi prevedibili<\/h2>\n\n\n\n<p>Le spese impreviste possono causare disagi finanziari, soprattutto durante le festivit\u00e0. Rentado elimina questi rischi con pacchetti di noleggio dai costi chiari e senza spese nascoste. Scegliendo Rentado, sapete esattamente quanto pagherete e cosa otterrete in cambio.<\/p>\n\n\n\n<p>Un ulteriore vantaggio \u00e8 l'opzione di noleggio senza garanzia. In questo modo non dovrete bloccare grandi somme di denaro sulla vostra carta e il vostro budget rimarr\u00e0 flessibile per altre spese di vacanza.<\/p>\n\n\n\n<h2 class=\"wp-block-heading\">Comfort e sicurezza su strada<\/h2>\n\n\n\n<p>Le condizioni meteorologiche durante il periodo festivo possono variare e un'auto ben equipaggiata \u00e8 essenziale per viaggiare in sicurezza. Rentado mette a disposizione veicoli dotati di pneumatici invernali, catene da neve e altre attrezzature necessarie per affrontare le strade pi\u00f9 difficili.<\/p>\n\n\n\n<p>Tutte le auto della flotta Rentado sono inoltre sottoposte a controlli tecnici prima di ogni noleggio, garantendo un'esperienza senza problemi. Questo vi d\u00e0 la tranquillit\u00e0 necessaria per concentrarvi su ci\u00f2 che conta davvero: godervi le vacanze con i vostri cari.<\/p>\n\n\n\n<h2 class=\"wp-block-heading\">La soluzione ideale per i parenti in visita<\/h2>\n\n\n\n<p>Le visite a parenti e amici diventano inevitabili durante le festivit\u00e0. Se si tratta di lunghe distanze o di destinazioni multiple, il trasporto pubblico pu\u00f2 essere scomodo. Il noleggio di un'auto consente di effettuare questi spostamenti in modo rapido e confortevole.<\/p>\n\n\n\n<p>Rentado vi offre opzioni flessibili per la durata del noleggio. Che abbiate bisogno di un'auto per un giorno, un weekend o un'intera settimana, potete scegliere il pacchetto pi\u00f9 adatto ai vostri impegni.<\/p>\n\n\n\n<h2 class=\"wp-block-heading\">Vacanze spontanee senza problemi<\/h2>\n\n\n\n<p>Le vacanze sono il momento ideale per fuggire spontaneamente. Che decidiate di visitare una localit\u00e0 di montagna, di rilassarvi in una citt\u00e0 storica o di esplorare nuovi luoghi, un'auto a noleggio vi d\u00e0 la libert\u00e0 di mettervi in viaggio quando volete.<\/p>\n\n\n\n<p>Con Rentado il processo di noleggio \u00e8 facile e veloce. \u00c8 possibile prenotare l'auto desiderata online e il ritiro e la riconsegna sono senza problemi. Cos\u00ec potrete concentrarvi sulla vostra avventura senza perdere tempo prezioso.<\/p>\n\n\n\n<h2 class=\"wp-block-heading\">Possibilit\u00e0 di testare un modello diverso<\/h2>\n\n\n\n<p>Se state pensando di cambiare la vostra auto, le vacanze possono essere il momento ideale per provare un modello diverso. Noleggiando un'auto da Rentado avrete la possibilit\u00e0 di sperimentare le prestazioni di diversi veicoli su lunghe distanze o in diverse condizioni stradali.<\/p>\n\n\n\n<p>Che siate interessati a un'auto elettrica, a un modello ibrido o a un SUV, Rentado dispone di una gamma di auto elettriche <a href=\"https:\/\/rentado.ro\/it\/elenco-delle-auto\/\">flotta diversificata<\/a>, su misura per le vostre esigenze e preferenze.<\/p>\n\n\n\n<h2 class=\"wp-block-heading\">Rentado - il partner ideale per le vacanze<\/h2>\n\n\n\n<p>Uno dei maggiori vantaggi di Rentado \u00e8 il suo servizio orientato al cliente. Dal processo di prenotazione semplificato all'opzione di noleggio senza garanzia, Rentado mira a fornire un'esperienza eccellente a tutti gli utenti. L'azienda offre assistenza 24 ore su 24, in modo che possiate sentirvi sicuri e protetti durante il vostro viaggio.<\/p>\n\n\n\n<p>Qualunque sia la destinazione scelta, Rentado vi offre una flotta diversificata di auto su misura per le vostre esigenze. Che abbiate bisogno di un veicolo compatto per un weekend o di un'auto pi\u00f9 spaziosa per una vacanza in famiglia, Rentado vi garantisce il comfort e la sicurezza che desiderate. Il processo di noleggio \u00e8 semplice e veloce e le opzioni di pagamento flessibili vi permettono di organizzare la vostra vacanza senza problemi.<\/p>\n\n\n\n<h2 class=\"wp-block-heading\">Come noleggiare un'auto da Rentado<\/h2>\n\n\n\n<p>Il processo di noleggio \u00e8 semplice e intuitivo:<\/p>\n\n\n\n<ol class=\"wp-block-list\">\n<li>Prenotazione online - Selezionate il veicolo desiderato e il periodo di noleggio.<\/li>\n\n\n\n<li>Ritiro veloce - La vostra auto \u00e8 pronta ad aspettarvi, senza inutili tempi di attesa.<\/li>\n\n\n\n<li>Riconsegna flessibile - Al termine del viaggio, potrete riconsegnare l'auto nel luogo concordato, senza problemi.<\/li>\n<\/ol>\n\n\n\n<p>Oltre a questi vantaggi, Rentado offre opzioni aggiuntive come seggiolini per bambini, GPS e assicurazione estesa per personalizzare l'esperienza di noleggio.<\/p>\n\n\n\n<p>Noleggiare un'auto per le vacanze \u00e8 una scelta pratica e conveniente, e Rentado vi d\u00e0 tutte le ragioni per scegliere questa soluzione. Qualunque siano i vostri piani, Rentado vi garantisce un'esperienza senza problemi, per farvi vivere al meglio la magia delle vacanze.<\/p>\n\n\n\n<p>Per prenotare subito un autonoleggio senza problemi all'aeroporto di Otopeni, chiamateci al numero +40.750.442.947 o inviateci un'e-mail a office@rentado.ro. Ci trovate in Drumul Gara Balote\u0219ti 38, Ilfov, vicino all'aeroporto di Otopeni, aperti 24 ore su 24, 7 giorni su 7.&nbsp;<\/p>\n\n\n\n<p>Per ulteriori informazioni, visitate il nostro sito web:<a href=\"https:\/\/rentado.ro\/it\/\"> rentado.ro<\/a>. Seguiteci sui social media per ricevere offerte e novit\u00e0: <a href=\"https:\/\/www.facebook.com\/profile.php?id=61557876268450\">Facebook<\/a>, <a href=\"https:\/\/www.instagram.com\/rentadorent\/\">Instagram<\/a> e <a href=\"https:\/\/www.tiktok.com\/@rentadoromania?_t=8mwxF4vnNfE&amp;_r=1\">TikTok<\/a>. Saremo lieti di aiutarvi a trascorrere un viaggio confortevole e senza preoccupazioni con Rentado!<\/p>","protected":false},"excerpt":{"rendered":"<p>S\u0103rb\u0103torile de iarn\u0103 aduc magie \u0219i bucurie, dar \u0219i dorin\u021ba de a fi al\u0103turi de cei dragi, indiferent de distan\u021b\u0103. Fie c\u0103 planifici o vacan\u021b\u0103 la munte, o vizit\u0103 la rude sau o excursie spontan\u0103, c\u0103l\u0103toriile devin esen\u021biale \u00een aceast\u0103 perioad\u0103. O ma\u0219in\u0103 \u00eenchiriat\u0103 \u00ee\u021bi ofer\u0103 libertatea de a te bucura de peisaje hibernale, de [&hellip;]<\/p>\n","protected":false},"author":2,"featured_media":5314,"comment_status":"open","ping_status":"open","sticky":false,"template":"","format":"standard","meta":{"footnotes":""},"categories":[16,17],"tags":[80,103,75,79,76,83,81,102],"class_list":["post-5311","post","type-post","status-publish","format-standard","has-post-thumbnail","hentry","category-inchirieri-auto","category-utile-inchierieri-auto","tag-cea-mai-buna-firma-de-inchirieri-auto-bucuresti","tag-craciun","tag-inchiriere-auto","tag-inchiriere-auto-bucuresti","tag-inchiriere-auto-la-aeroport-otopeni","tag-rent-a-car-bucuresti-2","tag-rentado","tag-vacanta-de-craciun"],"yoast_head":"<!-- This site is optimized with the Yoast SEO plugin v27.1.1 - https:\/\/yoast.com\/product\/yoast-seo-wordpress\/ -->\n<title>De ce s\u0103 \u00eenchiriezi o ma\u0219in\u0103 pentru s\u0103rb\u0103tori? - Rentado - Inchirieri Auto Otopeni<\/title>\n<meta name=\"description\" content=\"De ce s\u0103 \u00eenchiriezi o ma\u0219in\u0103 pentru s\u0103rb\u0103tori? - Rentado - Inchirieri Auto Otopeni\" \/>\n<meta name=\"robots\" content=\"index, follow, max-snippet:-1, max-image-preview:large, max-video-preview:-1\" \/>\n<link rel=\"canonical\" href=\"https:\/\/rentado.ro\/it\/perche-noleggiare-unauto-per-le-feste\/\" \/>\n<meta property=\"og:locale\" content=\"it_IT\" \/>\n<meta property=\"og:type\" content=\"article\" \/>\n<meta property=\"og:title\" content=\"De ce s\u0103 \u00eenchiriezi o ma\u0219in\u0103 pentru s\u0103rb\u0103tori? - Rentado - Inchirieri Auto Otopeni\" \/>\n<meta property=\"og:description\" content=\"De ce s\u0103 \u00eenchiriezi o ma\u0219in\u0103 pentru s\u0103rb\u0103tori? - Rentado - Inchirieri Auto Otopeni\" \/>\n<meta property=\"og:url\" content=\"https:\/\/rentado.ro\/it\/perche-noleggiare-unauto-per-le-feste\/\" \/>\n<meta property=\"og:site_name\" content=\"Rentado - Inchirieri Auto Otopeni\" \/>\n<meta property=\"article:published_time\" content=\"2024-11-19T13:43:02+00:00\" \/>\n<meta property=\"og:image\" content=\"https:\/\/rentado.ro\/wp-content\/uploads\/2024\/11\/inchirieri-auto-bucuresti-de-craciun.png\" \/>\n\t<meta property=\"og:image:width\" content=\"1280\" \/>\n\t<meta property=\"og:image:height\" content=\"720\" \/>\n\t<meta property=\"og:image:type\" content=\"image\/png\" \/>\n<meta name=\"author\" content=\"Dosinescu Ioana\" \/>\n<meta name=\"twitter:card\" content=\"summary_large_image\" \/>\n<meta name=\"twitter:label1\" content=\"Scritto da\" \/>\n\t<meta name=\"twitter:data1\" content=\"Dosinescu Ioana\" \/>\n\t<meta name=\"twitter:label2\" content=\"Tempo di lettura stimato\" \/>\n\t<meta name=\"twitter:data2\" content=\"7 minuti\" \/>\n<script type=\"application\/ld+json\" class=\"yoast-schema-graph\">{\"@context\":\"https:\/\/schema.org\",\"@graph\":[{\"@type\":\"Article\",\"@id\":\"https:\/\/rentado.ro\/it\/de-ce-sa-inchiriezi-o-masina-pentru-sarbatori\/#article\",\"isPartOf\":{\"@id\":\"https:\/\/rentado.ro\/it\/de-ce-sa-inchiriezi-o-masina-pentru-sarbatori\/\"},\"author\":{\"name\":\"Dosinescu Ioana\",\"@id\":\"https:\/\/rentado.ro\/#\/schema\/person\/fd082d67790137b4fc2a7a6de2926533\"},\"headline\":\"De ce s\u0103 \u00eenchiriezi o ma\u0219in\u0103 pentru s\u0103rb\u0103tori?\",\"datePublished\":\"2024-11-19T13:43:02+00:00\",\"mainEntityOfPage\":{\"@id\":\"https:\/\/rentado.ro\/it\/de-ce-sa-inchiriezi-o-masina-pentru-sarbatori\/\"},\"wordCount\":1289,\"commentCount\":0,\"publisher\":{\"@id\":\"https:\/\/rentado.ro\/#organization\"},\"image\":{\"@id\":\"https:\/\/rentado.ro\/it\/de-ce-sa-inchiriezi-o-masina-pentru-sarbatori\/#primaryimage\"},\"thumbnailUrl\":\"https:\/\/rentado.ro\/wp-content\/uploads\/2024\/11\/inchirieri-auto-bucuresti-de-craciun.png\",\"keywords\":[\"cea mai buna firma de inchirieri auto bucuresti\",\"craciun\",\"inchiriere auto\",\"inchiriere auto bucuresti\",\"inchiriere auto la aeroport otopeni\",\"Rent a Car Bucure\u0219ti\",\"Rentado\",\"vacanta de craciun\"],\"articleSection\":[\"\u00cenchirieri auto\",\"Utile \u00eenchirieri auto\"],\"inLanguage\":\"it-IT\",\"potentialAction\":[{\"@type\":\"CommentAction\",\"name\":\"Comment\",\"target\":[\"https:\/\/rentado.ro\/it\/de-ce-sa-inchiriezi-o-masina-pentru-sarbatori\/#respond\"]}]},{\"@type\":\"WebPage\",\"@id\":\"https:\/\/rentado.ro\/it\/de-ce-sa-inchiriezi-o-masina-pentru-sarbatori\/\",\"url\":\"https:\/\/rentado.ro\/it\/de-ce-sa-inchiriezi-o-masina-pentru-sarbatori\/\",\"name\":\"De ce s\u0103 \u00eenchiriezi o ma\u0219in\u0103 pentru s\u0103rb\u0103tori? - Rentado - Inchirieri Auto Otopeni\",\"isPartOf\":{\"@id\":\"https:\/\/rentado.ro\/#website\"},\"primaryImageOfPage\":{\"@id\":\"https:\/\/rentado.ro\/it\/de-ce-sa-inchiriezi-o-masina-pentru-sarbatori\/#primaryimage\"},\"image\":{\"@id\":\"https:\/\/rentado.ro\/it\/de-ce-sa-inchiriezi-o-masina-pentru-sarbatori\/#primaryimage\"},\"thumbnailUrl\":\"https:\/\/rentado.ro\/wp-content\/uploads\/2024\/11\/inchirieri-auto-bucuresti-de-craciun.png\",\"datePublished\":\"2024-11-19T13:43:02+00:00\",\"description\":\"De ce s\u0103 \u00eenchiriezi o ma\u0219in\u0103 pentru s\u0103rb\u0103tori? - Rentado - Inchirieri Auto Otopeni\",\"breadcrumb\":{\"@id\":\"https:\/\/rentado.ro\/it\/de-ce-sa-inchiriezi-o-masina-pentru-sarbatori\/#breadcrumb\"},\"inLanguage\":\"it-IT\",\"potentialAction\":[{\"@type\":\"ReadAction\",\"target\":[\"https:\/\/rentado.ro\/it\/de-ce-sa-inchiriezi-o-masina-pentru-sarbatori\/\"]}]},{\"@type\":\"ImageObject\",\"inLanguage\":\"it-IT\",\"@id\":\"https:\/\/rentado.ro\/it\/de-ce-sa-inchiriezi-o-masina-pentru-sarbatori\/#primaryimage\",\"url\":\"https:\/\/rentado.ro\/wp-content\/uploads\/2024\/11\/inchirieri-auto-bucuresti-de-craciun.png\",\"contentUrl\":\"https:\/\/rentado.ro\/wp-content\/uploads\/2024\/11\/inchirieri-auto-bucuresti-de-craciun.png\",\"width\":1280,\"height\":720},{\"@type\":\"BreadcrumbList\",\"@id\":\"https:\/\/rentado.ro\/it\/de-ce-sa-inchiriezi-o-masina-pentru-sarbatori\/#breadcrumb\",\"itemListElement\":[{\"@type\":\"ListItem\",\"position\":1,\"name\":\"Prima pagin\u0103\",\"item\":\"https:\/\/rentado.ro\/\"},{\"@type\":\"ListItem\",\"position\":2,\"name\":\"De ce s\u0103 \u00eenchiriezi o ma\u0219in\u0103 pentru s\u0103rb\u0103tori?\"}]},{\"@type\":\"WebSite\",\"@id\":\"https:\/\/rentado.ro\/#website\",\"url\":\"https:\/\/rentado.ro\/\",\"name\":\"Rentado - Inchirieri Auto Otopeni\",\"description\":\"Your Mobility Partner\",\"publisher\":{\"@id\":\"https:\/\/rentado.ro\/#organization\"},\"alternateName\":\"Inchirieri masini Otopeni\",\"potentialAction\":[{\"@type\":\"SearchAction\",\"target\":{\"@type\":\"EntryPoint\",\"urlTemplate\":\"https:\/\/rentado.ro\/?s={search_term_string}\"},\"query-input\":{\"@type\":\"PropertyValueSpecification\",\"valueRequired\":true,\"valueName\":\"search_term_string\"}}],\"inLanguage\":\"it-IT\"},{\"@type\":\"Organization\",\"@id\":\"https:\/\/rentado.ro\/#organization\",\"name\":\"TTR MOBILITY NETWORK SRL\",\"alternateName\":\"Rentado\",\"url\":\"https:\/\/rentado.ro\/\",\"logo\":{\"@type\":\"ImageObject\",\"inLanguage\":\"it-IT\",\"@id\":\"https:\/\/rentado.ro\/#\/schema\/logo\/image\/\",\"url\":\"https:\/\/rentado.ro\/wp-content\/uploads\/2024\/04\/rentado-686.png\",\"contentUrl\":\"https:\/\/rentado.ro\/wp-content\/uploads\/2024\/04\/rentado-686.png\",\"width\":696,\"height\":696,\"caption\":\"TTR MOBILITY NETWORK SRL\"},\"image\":{\"@id\":\"https:\/\/rentado.ro\/#\/schema\/logo\/image\/\"}},{\"@type\":\"Person\",\"@id\":\"https:\/\/rentado.ro\/#\/schema\/person\/fd082d67790137b4fc2a7a6de2926533\",\"name\":\"Dosinescu Ioana\",\"image\":{\"@type\":\"ImageObject\",\"inLanguage\":\"it-IT\",\"@id\":\"https:\/\/rentado.ro\/#\/schema\/person\/image\/\",\"url\":\"https:\/\/rentado.ro\/wp-content\/litespeed\/avatar\/4b725e7fd2fe470b2e00a74b87e2f04c.jpg?ver=1777442678\",\"contentUrl\":\"https:\/\/rentado.ro\/wp-content\/litespeed\/avatar\/4b725e7fd2fe470b2e00a74b87e2f04c.jpg?ver=1777442678\",\"caption\":\"Dosinescu Ioana\"},\"url\":\"https:\/\/rentado.ro\/it\/author\/ioana\/\"}]}<\/script>\n<!-- \/ Yoast SEO plugin. -->","yoast_head_json":{"title":"Perch\u00e9 noleggiare un'auto per le vacanze? - Rentado - Noleggio auto Otopeni","description":"Perch\u00e9 noleggiare un'auto per le vacanze? - Rentado - Noleggio auto Otopeni","robots":{"index":"index","follow":"follow","max-snippet":"max-snippet:-1","max-image-preview":"max-image-preview:large","max-video-preview":"max-video-preview:-1"},"canonical":"https:\/\/rentado.ro\/it\/perche-noleggiare-unauto-per-le-feste\/","og_locale":"it_IT","og_type":"article","og_title":"De ce s\u0103 \u00eenchiriezi o ma\u0219in\u0103 pentru s\u0103rb\u0103tori? - Rentado - Inchirieri Auto Otopeni","og_description":"De ce s\u0103 \u00eenchiriezi o ma\u0219in\u0103 pentru s\u0103rb\u0103tori? - Rentado - Inchirieri Auto Otopeni","og_url":"https:\/\/rentado.ro\/it\/perche-noleggiare-unauto-per-le-feste\/","og_site_name":"Rentado - Inchirieri Auto Otopeni","article_published_time":"2024-11-19T13:43:02+00:00","og_image":[{"width":1280,"height":720,"url":"https:\/\/rentado.ro\/wp-content\/uploads\/2024\/11\/inchirieri-auto-bucuresti-de-craciun.png","type":"image\/png"}],"author":"Dosinescu Ioana","twitter_card":"summary_large_image","twitter_misc":{"Scritto da":"Dosinescu Ioana","Tempo di lettura stimato":"7 minuti"},"schema":{"@context":"https:\/\/schema.org","@graph":[{"@type":"Article","@id":"https:\/\/rentado.ro\/it\/de-ce-sa-inchiriezi-o-masina-pentru-sarbatori\/#article","isPartOf":{"@id":"https:\/\/rentado.ro\/it\/de-ce-sa-inchiriezi-o-masina-pentru-sarbatori\/"},"author":{"name":"Dosinescu Ioana","@id":"https:\/\/rentado.ro\/#\/schema\/person\/fd082d67790137b4fc2a7a6de2926533"},"headline":"De ce s\u0103 \u00eenchiriezi o ma\u0219in\u0103 pentru s\u0103rb\u0103tori?","datePublished":"2024-11-19T13:43:02+00:00","mainEntityOfPage":{"@id":"https:\/\/rentado.ro\/it\/de-ce-sa-inchiriezi-o-masina-pentru-sarbatori\/"},"wordCount":1289,"commentCount":0,"publisher":{"@id":"https:\/\/rentado.ro\/#organization"},"image":{"@id":"https:\/\/rentado.ro\/it\/de-ce-sa-inchiriezi-o-masina-pentru-sarbatori\/#primaryimage"},"thumbnailUrl":"https:\/\/rentado.ro\/wp-content\/uploads\/2024\/11\/inchirieri-auto-bucuresti-de-craciun.png","keywords":["cea mai buna firma de inchirieri auto bucuresti","craciun","inchiriere auto","inchiriere auto bucuresti","inchiriere auto la aeroport otopeni","Rent a Car Bucure\u0219ti","Rentado","vacanta de craciun"],"articleSection":["\u00cenchirieri auto","Utile \u00eenchirieri auto"],"inLanguage":"it-IT","potentialAction":[{"@type":"CommentAction","name":"Comment","target":["https:\/\/rentado.ro\/it\/de-ce-sa-inchiriezi-o-masina-pentru-sarbatori\/#respond"]}]},{"@type":"WebPage","@id":"https:\/\/rentado.ro\/it\/de-ce-sa-inchiriezi-o-masina-pentru-sarbatori\/","url":"https:\/\/rentado.ro\/it\/de-ce-sa-inchiriezi-o-masina-pentru-sarbatori\/","name":"Perch\u00e9 noleggiare un'auto per le vacanze? - Rentado - Noleggio auto Otopeni","isPartOf":{"@id":"https:\/\/rentado.ro\/#website"},"primaryImageOfPage":{"@id":"https:\/\/rentado.ro\/it\/de-ce-sa-inchiriezi-o-masina-pentru-sarbatori\/#primaryimage"},"image":{"@id":"https:\/\/rentado.ro\/it\/de-ce-sa-inchiriezi-o-masina-pentru-sarbatori\/#primaryimage"},"thumbnailUrl":"https:\/\/rentado.ro\/wp-content\/uploads\/2024\/11\/inchirieri-auto-bucuresti-de-craciun.png","datePublished":"2024-11-19T13:43:02+00:00","description":"Perch\u00e9 noleggiare un'auto per le vacanze? - Rentado - Noleggio auto Otopeni","breadcrumb":{"@id":"https:\/\/rentado.ro\/it\/de-ce-sa-inchiriezi-o-masina-pentru-sarbatori\/#breadcrumb"},"inLanguage":"it-IT","potentialAction":[{"@type":"ReadAction","target":["https:\/\/rentado.ro\/it\/de-ce-sa-inchiriezi-o-masina-pentru-sarbatori\/"]}]},{"@type":"ImageObject","inLanguage":"it-IT","@id":"https:\/\/rentado.ro\/it\/de-ce-sa-inchiriezi-o-masina-pentru-sarbatori\/#primaryimage","url":"https:\/\/rentado.ro\/wp-content\/uploads\/2024\/11\/inchirieri-auto-bucuresti-de-craciun.png","contentUrl":"https:\/\/rentado.ro\/wp-content\/uploads\/2024\/11\/inchirieri-auto-bucuresti-de-craciun.png","width":1280,"height":720},{"@type":"BreadcrumbList","@id":"https:\/\/rentado.ro\/it\/de-ce-sa-inchiriezi-o-masina-pentru-sarbatori\/#breadcrumb","itemListElement":[{"@type":"ListItem","position":1,"name":"Prima pagin\u0103","item":"https:\/\/rentado.ro\/"},{"@type":"ListItem","position":2,"name":"De ce s\u0103 \u00eenchiriezi o ma\u0219in\u0103 pentru s\u0103rb\u0103tori?"}]},{"@type":"WebSite","@id":"https:\/\/rentado.ro\/#website","url":"https:\/\/rentado.ro\/","name":"Rentado - Noleggio auto Otopeni","description":"Il vostro partner per la mobilit\u00e0","publisher":{"@id":"https:\/\/rentado.ro\/#organization"},"alternateName":"Inchirieri masini Otopeni","potentialAction":[{"@type":"SearchAction","target":{"@type":"EntryPoint","urlTemplate":"https:\/\/rentado.ro\/?s={search_term_string}"},"query-input":{"@type":"PropertyValueSpecification","valueRequired":true,"valueName":"search_term_string"}}],"inLanguage":"it-IT"},{"@type":"Organization","@id":"https:\/\/rentado.ro\/#organization","name":"TTR MOBILITY NETWORK SRL","alternateName":"Rentado","url":"https:\/\/rentado.ro\/","logo":{"@type":"ImageObject","inLanguage":"it-IT","@id":"https:\/\/rentado.ro\/#\/schema\/logo\/image\/","url":"https:\/\/rentado.ro\/wp-content\/uploads\/2024\/04\/rentado-686.png","contentUrl":"https:\/\/rentado.ro\/wp-content\/uploads\/2024\/04\/rentado-686.png","width":696,"height":696,"caption":"TTR MOBILITY NETWORK SRL"},"image":{"@id":"https:\/\/rentado.ro\/#\/schema\/logo\/image\/"}},{"@type":"Person","@id":"https:\/\/rentado.ro\/#\/schema\/person\/fd082d67790137b4fc2a7a6de2926533","name":"Dosinescu Ioana","image":{"@type":"ImageObject","inLanguage":"it-IT","@id":"https:\/\/rentado.ro\/#\/schema\/person\/image\/","url":"https:\/\/rentado.ro\/wp-content\/litespeed\/avatar\/4b725e7fd2fe470b2e00a74b87e2f04c.jpg?ver=1777442678","contentUrl":"https:\/\/rentado.ro\/wp-content\/litespeed\/avatar\/4b725e7fd2fe470b2e00a74b87e2f04c.jpg?ver=1777442678","caption":"Dosinescu Ioana"},"url":"https:\/\/rentado.ro\/it\/author\/ioana\/"}]}},"_links":{"self":[{"href":"https:\/\/rentado.ro\/it\/wp-json\/wp\/v2\/posts\/5311","targetHints":{"allow":["GET"]}}],"collection":[{"href":"https:\/\/rentado.ro\/it\/wp-json\/wp\/v2\/posts"}],"about":[{"href":"https:\/\/rentado.ro\/it\/wp-json\/wp\/v2\/types\/post"}],"author":[{"embeddable":true,"href":"https:\/\/rentado.ro\/it\/wp-json\/wp\/v2\/users\/2"}],"replies":[{"embeddable":true,"href":"https:\/\/rentado.ro\/it\/wp-json\/wp\/v2\/comments?post=5311"}],"version-history":[{"count":1,"href":"https:\/\/rentado.ro\/it\/wp-json\/wp\/v2\/posts\/5311\/revisions"}],"predecessor-version":[{"id":5315,"href":"https:\/\/rentado.ro\/it\/wp-json\/wp\/v2\/posts\/5311\/revisions\/5315"}],"wp:featuredmedia":[{"embeddable":true,"href":"https:\/\/rentado.ro\/it\/wp-json\/wp\/v2\/media\/5314"}],"wp:attachment":[{"href":"https:\/\/rentado.ro\/it\/wp-json\/wp\/v2\/media?parent=5311"}],"wp:term":[{"taxonomy":"category","embeddable":true,"href":"https:\/\/rentado.ro\/it\/wp-json\/wp\/v2\/categories?post=5311"},{"taxonomy":"post_tag","embeddable":true,"href":"https:\/\/rentado.ro\/it\/wp-json\/wp\/v2\/tags?post=5311"}],"curies":[{"name":"wp","href":"https:\/\/api.w.org\/{rel}","templated":true}]}}