{"id":4800,"date":"2024-05-07T09:23:08","date_gmt":"2024-05-07T09:23:08","guid":{"rendered":"https:\/\/rentado.ro\/?p=4800"},"modified":"2024-05-07T11:12:12","modified_gmt":"2024-05-07T11:12:12","slug":"noleggio-auto-a-buon-mercato-in-bucuresti-da-rentado-senza-garanzia","status":"publish","type":"post","link":"https:\/\/rentado.ro\/it\/inchirieri-auto-bucuresti-ieftine-de-la-rentado-fara-garantie\/","title":{"rendered":"Noleggio auto Bucarest a buon mercato da Rentado senza garanzia"},"content":{"rendered":"\t\t<div data-elementor-type=\"wp-post\" data-elementor-id=\"4800\" class=\"elementor elementor-4800\" data-elementor-post-type=\"post\">\n\t\t\t\t<div class=\"elementor-element elementor-element-9a6a9dc e-flex e-con-boxed e-con e-parent\" data-id=\"9a6a9dc\" data-element_type=\"container\" data-e-type=\"container\">\n\t\t\t\t\t<div class=\"e-con-inner\">\n\t\t\t\t<div class=\"elementor-element elementor-element-4b0dbb5 elementor-widget elementor-widget-text-editor\" data-id=\"4b0dbb5\" data-element_type=\"widget\" data-e-type=\"widget\" data-widget_type=\"text-editor.default\">\n\t\t\t\t<div class=\"elementor-widget-container\">\n\t\t\t\t\t\t\t\t\t<p>\u00centr-o lume \u00een continu\u0103 mi\u0219care, accesul la un vehicul fiabil poate transforma complet o c\u0103l\u0103torie de afaceri, o vacan\u021b\u0103 sau chiar o simpl\u0103 zi \u00een ora\u0219. Rentado, cu punctul s\u0103u de serviciu amplasat strategic \u00een Aeroportul Interna\u021bional Henri Coand\u0103 (Otopeni), ofer\u0103 o solu\u021bie accesibil\u0103 \u0219i convenabil\u0103 pentru \u00eenchirieri auto, \u0219i face acest lucru f\u0103r\u0103 a solicita o garan\u021bie \u2013 un avantaj major pentru c\u0103l\u0103tori. Acest articol exploreaz\u0103 de ce Rentado reprezint\u0103 cea mai bun\u0103 op\u021biune pentru \u00eenchirierea unei ma\u0219ini din Otopeni f\u0103r\u0103 a fi necesar\u0103 o garan\u021bie.<\/p>\t\t\t\t\t\t\t\t<\/div>\n\t\t\t\t<\/div>\n\t\t\t\t\t<\/div>\n\t\t\t\t<\/div>\n\t\t<div class=\"elementor-element elementor-element-a46d421 e-flex e-con-boxed e-con e-parent\" data-id=\"a46d421\" data-element_type=\"container\" data-e-type=\"container\">\n\t\t\t\t\t<div class=\"e-con-inner\">\n\t\t\t\t<div class=\"elementor-element elementor-element-157d25f elementor-widget elementor-widget-dreamsrent_elementor_heading1\" data-id=\"157d25f\" data-element_type=\"widget\" data-e-type=\"widget\" data-widget_type=\"dreamsrent_elementor_heading1.default\">\n\t\t\t\t<div class=\"elementor-widget-container\">\n\t\t\t\t\t\r\n<div class=\"section-heading text-center\" data-aos=\"fade-down\">\r\n     <h2>Oferirea de Tarife Accesibile f\u0103r\u0103 Necesitatea unei Garan\u021bii<\/h2>\r\n      <p><\/p>\r\n\t  \r\n    <\/div>\r\n\t \t\t\t\t<\/div>\n\t\t\t\t<\/div>\n\t\t\t\t<div class=\"elementor-element elementor-element-89ccf75 elementor-widget elementor-widget-text-editor\" data-id=\"89ccf75\" data-element_type=\"widget\" data-e-type=\"widget\" data-widget_type=\"text-editor.default\">\n\t\t\t\t<div class=\"elementor-widget-container\">\n\t\t\t\t\t\t\t\t\t<p>Rentado se distinge prin politica sa de a nu solicita garan\u021bii pentru \u00eenchirierea autovehiculelor. Aceasta este o abatere binevenit\u0103 de la practica standard a majorit\u0103\u021bii companiilor de \u00eenchirieri auto, care cer depunerea unei sume substan\u021biale ca m\u0103sur\u0103 de precau\u021bie \u00eempotriva poten\u021bialelor daune. Pentru multe persoane care c\u0103l\u0103toresc cu bugete limitate sau care prefer\u0103 s\u0103 nu blocheze sume importante de bani, oferta Rentado este o gur\u0103 de aer<\/p><p>proasp\u0103t.<\/p><ol><li><p><strong>Accesibilitate<\/strong>: Prin eliminarea necesit\u0103\u021bii unei garan\u021bii, Rentado face \u00eenchirierea de vehicule mai accesibil\u0103 pentru un spectru mai larg de clien\u021bi, inclusiv pentru tineri, persoane care c\u0103l\u0103toresc pentru afaceri sau turisti.<\/p><\/li><li><p><strong>Simplificarea Procesului de \u00cenchiriere<\/strong>: F\u0103r\u0103 cerin\u021ba unei garan\u021bii, \u00eentregul proces de \u00eenchiriere devine mult mai rapid \u0219i mai pu\u021bin complicat. Clien\u021bii pot rezerva un vehicul online sau direct la ghi\u0219eu, complet\u00e2nd doar c\u00e2teva formalit\u0103\u021bi necesare.<\/p><\/li><\/ol>\t\t\t\t\t\t\t\t<\/div>\n\t\t\t\t<\/div>\n\t\t\t\t\t<\/div>\n\t\t\t\t<\/div>\n\t\t<div class=\"elementor-element elementor-element-af72413 e-flex e-con-boxed e-con e-parent\" data-id=\"af72413\" data-element_type=\"container\" data-e-type=\"container\">\n\t\t\t\t\t<div class=\"e-con-inner\">\n\t\t\t\t<div class=\"elementor-element elementor-element-5f89c28 elementor-widget elementor-widget-dreamsrent_elementor_heading1\" data-id=\"5f89c28\" data-element_type=\"widget\" data-e-type=\"widget\" data-widget_type=\"dreamsrent_elementor_heading1.default\">\n\t\t\t\t<div class=\"elementor-widget-container\">\n\t\t\t\t\t\r\n<div class=\"section-heading text-center\" data-aos=\"fade-down\">\r\n     <h2>Diversitatea Flotei Rentado<\/h2>\r\n      <p><\/p>\r\n\t  \r\n    <\/div>\r\n\t \t\t\t\t<\/div>\n\t\t\t\t<\/div>\n\t\t\t\t<div class=\"elementor-element elementor-element-b52d18e elementor-widget elementor-widget-text-editor\" data-id=\"b52d18e\" data-element_type=\"widget\" data-e-type=\"widget\" data-widget_type=\"text-editor.default\">\n\t\t\t\t<div class=\"elementor-widget-container\">\n\t\t\t\t\t\t\t\t\t<p>Rentado ofer\u0103 o gam\u0103 variat\u0103 de vehicule pentru a se asigura c\u0103 fiecare client \u00ee\u0219i g\u0103se\u0219te ma\u0219ina perfect\u0103 pentru nevoile sale.<\/p><ul><li><p><strong>Economic \u0219i Practic<\/strong>: Pentru cei cu un buget redus, Rentado are modele economice care sunt ideale pentru navigarea aglomerat\u0103 a Bucure\u0219tiului, disponibile la tarife care \u00eencep de la pre\u021buri extrem de competitive.<\/p><\/li><li><p><strong>Confort \u0219i Stil<\/strong>: Pentru clien\u021bii care caut\u0103 un plus de confort, Rentado ofer\u0103 sedanuri \u0219i SUV-uri de dimensiuni medii la tarife accesibile, toate echipate cu func\u021bionalit\u0103\u021bi moderne pentru o c\u0103l\u0103torie pl\u0103cut\u0103.<\/p><\/li><li><p><strong>Lux \u0219i Prestigiu<\/strong>: \u0218i pentru cei care doresc s\u0103 experimenteze un nivel superior de lux, Rentado pune la dispozi\u021bie ma\u0219ini de \u00eenchiriat din segmentul premium.<\/p><\/li><\/ul>\t\t\t\t\t\t\t\t<\/div>\n\t\t\t\t<\/div>\n\t\t\t\t\t<\/div>\n\t\t\t\t<\/div>\n\t\t<div class=\"elementor-element elementor-element-bb603f1 e-flex e-con-boxed e-con e-parent\" data-id=\"bb603f1\" data-element_type=\"container\" data-e-type=\"container\">\n\t\t\t\t\t<div class=\"e-con-inner\">\n\t\t\t\t<div class=\"elementor-element elementor-element-531df7e elementor-widget elementor-widget-wp-widget-mod_vikrentcar_cars\" data-id=\"531df7e\" data-element_type=\"widget\" data-e-type=\"widget\" data-widget_type=\"wp-widget-mod_vikrentcar_cars.default\">\n\t\t\t\t<div class=\"elementor-widget-container\">\n\t\t\t\t\t<div class=\"vrcmodcarsgridcontainer column-container container-fluid\">\n\t<div>\n\t\t<div id=\"vrc-modcars-465\" class=\"vrcmodcarsgridcont-items vrcmodcarsgridhorizontal row-fluid\">\n\t\t\t\t\t<div class=\"vrc-modcars-item vrc-modcars-grid-item\" style=\"width: 25%;\" data-groups='[\"5 locuri, Km nelimitati, Manuala\"]'>\n\n\t\t\t\t<figure class=\"vrcmodcarsgridcont-item\">\n\t\t\t\t\t<div class=\"vrcmodcarsgridboxdiv\">\t\n\t\t\t\t\t\t\t\t\t\t\t\t<a href=\"https:\/\/rentado.ro\/it\/our-cars\/?view=cardetails&amp;carid=9\" title=\"Renault Clio Hatchback sau Break Manuala\"><img decoding=\"async\" src=\"https:\/\/rentado.ro\/wp-content\/plugins\/vikrentcar\/admin\/resources\/clio_hatchback.png\" alt=\"Renault Clio Hatchback sau Break Manuala\" class=\"vrcmodcarsgridimg\"\/><\/a>\n\t\t\t\t\t\t\t\t\t\t\t\t<div class=\"vrcmodcarsgrid-item_details\">\n\t\t\t\t\t\t\t\t\t\t\t\t<div class=\"vrcmodcarsgrid-item_cat\">5 locuri, Km nelimitati, Manuala<\/div>\n\t\t\t\t\t\t\t\t\t\t\t\t<figcaption class=\"vrcmodcarsgrid-item_title\">Renault Clio Hatchback sau Break Manuala<\/figcaption>\n\t\t\t\t        \t\t\t\t\t\t\t\t\t\t\t\t<div class=\"vrcmodcarsgrid-box-cost\">\n\t\t\t\t\t\t\t<span class=\"vrcmodcarsgridstartfrom\">A partire da<\/span>\n\t\t\t\t\t\t\t<span class=\"vrcmodcarsgridcarcost\"><span class=\"vrc_currency\">\u20ac<\/span> <span class=\"vrc_price\">26.00<\/span><\/span>\n\t\t\t\t\t\t<\/div>\n\t\t\t\t\t\t\t\t\t\t        <\/div>\n\t\t\t\t\t\t<div class=\"vrcmodcarsgridview\">\n\t\t\t\t\t\t\t<a class=\"btn btn-vrcmodcarsgrid-btn vrc-pref-color-btn\" href=\"https:\/\/rentado.ro\/it\/our-cars\/?view=cardetails&amp;carid=9\" title=\"\">Prosegui<\/a>\n\t\t\t\t\t\t<\/div>\n\t\t\t\t\t\t<div class=\"vrcmodcarsgrid-item-btm\">\n\t\t\t\t\t\t\t<div class=\"vrcmodcarsgrid-item_carat\"><div class=\"vrccaratsdiv\"><div class=\"vrccarcarat\"><span class=\"vrc-carat-cont\"><span class=\"vrc-expl\" data-vrc-expl=\"5 LOCURI\"><img decoding=\"async\" src=\"https:\/\/rentado.ro\/wp-content\/plugins\/vikrentcar\/admin\/resources\/1r_user.png\" alt=\"5 Locuri\" \/><\/span><\/span>\n<\/div><div class=\"vrccarcarat\"><span class=\"vrc-carat-cont\"><span class=\"vrc-expl\" data-vrc-expl=\"BAGAJE X4\"><img decoding=\"async\" src=\"https:\/\/rentado.ro\/wp-content\/plugins\/vikrentcar\/admin\/resources\/1r_luggage.png\" alt=\"Bagaje X4\" \/><\/span><\/span>\n<\/div><div class=\"vrccarcarat\"><span class=\"vrc-carat-cont\"><span class=\"vrc-expl\" data-vrc-expl=\"Bluetooth\"><img decoding=\"async\" src=\"https:\/\/rentado.ro\/wp-content\/plugins\/vikrentcar\/admin\/resources\/r_bluetooth-icon-1494x2048-4obcamkt.png\" alt=\"Bluetooth\" \/><\/span><\/span>\n<\/div><div class=\"vrccarcarat\"><span class=\"vrc-carat-cont\"><img decoding=\"async\" src=\"https:\/\/rentado.ro\/wp-content\/plugins\/vikrentcar\/admin\/resources\/r_73882.png\" alt=\"CD player\" title=\"CD player\"\/><\/span>\n<\/div><\/div>\n<\/div>\n\t\t\t\t\t\t<\/div>\n\t\t\t\t\t<\/div>\t\n\t\t\t\t<\/figure>\n\t\t\t<\/div>\n\t\t\t\t\t\t<div class=\"vrc-modcars-item vrc-modcars-grid-item\" style=\"width: 25%;\" data-groups='[\"5 locuri, Km nelimitati, Manuala\"]'>\n\n\t\t\t\t<figure class=\"vrcmodcarsgridcont-item\">\n\t\t\t\t\t<div class=\"vrcmodcarsgridboxdiv\">\t\n\t\t\t\t\t\t\t\t\t\t\t\t<a href=\"https:\/\/rentado.ro\/it\/our-cars\/?view=cardetails&amp;carid=13\" title=\"Dacia Logan Manuala\"><img decoding=\"async\" src=\"https:\/\/rentado.ro\/wp-content\/plugins\/vikrentcar\/admin\/resources\/1vthumb_rentado-dacia-manuala.jpg\" alt=\"Dacia Logan Manuala\" class=\"vrcmodcarsgridimg\"\/><\/a>\n\t\t\t\t\t\t\t\t\t\t\t\t<div class=\"vrcmodcarsgrid-item_details\">\n\t\t\t\t\t\t\t\t\t\t\t\t<div class=\"vrcmodcarsgrid-item_cat\">5 locuri, Km nelimitati, Manuala<\/div>\n\t\t\t\t\t\t\t\t\t\t\t\t<figcaption class=\"vrcmodcarsgrid-item_title\">Dacia Logan Manuala<\/figcaption>\n\t\t\t\t        \t\t\t\t\t\t\t\t\t\t\t\t<div class=\"vrcmodcarsgrid-box-cost\">\n\t\t\t\t\t\t\t<span class=\"vrcmodcarsgridstartfrom\">A partire da<\/span>\n\t\t\t\t\t\t\t<span class=\"vrcmodcarsgridcarcost\"><span class=\"vrc_currency\">\u20ac<\/span> <span class=\"vrc_price\">26.00<\/span><\/span>\n\t\t\t\t\t\t<\/div>\n\t\t\t\t\t\t\t\t\t\t        <\/div>\n\t\t\t\t\t\t<div class=\"vrcmodcarsgridview\">\n\t\t\t\t\t\t\t<a class=\"btn btn-vrcmodcarsgrid-btn vrc-pref-color-btn\" href=\"https:\/\/rentado.ro\/it\/our-cars\/?view=cardetails&amp;carid=13\" title=\"\">Prosegui<\/a>\n\t\t\t\t\t\t<\/div>\n\t\t\t\t\t\t<div class=\"vrcmodcarsgrid-item-btm\">\n\t\t\t\t\t\t\t<div class=\"vrcmodcarsgrid-item_carat\"><div class=\"vrccaratsdiv\"><div class=\"vrccarcarat\"><span class=\"vrc-carat-cont\"><span class=\"vrc-expl\" data-vrc-expl=\"5 LOCURI\"><img decoding=\"async\" src=\"https:\/\/rentado.ro\/wp-content\/plugins\/vikrentcar\/admin\/resources\/1r_user.png\" alt=\"5 Locuri\" \/><\/span><\/span>\n<\/div><div class=\"vrccarcarat\"><span class=\"vrc-carat-cont\"><span class=\"vrc-expl\" data-vrc-expl=\"BAGAJE X4\"><img decoding=\"async\" src=\"https:\/\/rentado.ro\/wp-content\/plugins\/vikrentcar\/admin\/resources\/1r_luggage.png\" alt=\"Bagaje X4\" \/><\/span><\/span>\n<\/div><div class=\"vrccarcarat\"><span class=\"vrc-carat-cont\"><span class=\"vrc-expl\" data-vrc-expl=\"Bluetooth\"><img decoding=\"async\" src=\"https:\/\/rentado.ro\/wp-content\/plugins\/vikrentcar\/admin\/resources\/r_bluetooth-icon-1494x2048-4obcamkt.png\" alt=\"Bluetooth\" \/><\/span><\/span>\n<\/div><div class=\"vrccarcarat\"><span class=\"vrc-carat-cont\"><img decoding=\"async\" src=\"https:\/\/rentado.ro\/wp-content\/plugins\/vikrentcar\/admin\/resources\/r_73882.png\" alt=\"CD player\" title=\"CD player\"\/><\/span>\n<\/div><\/div>\n<\/div>\n\t\t\t\t\t\t<\/div>\n\t\t\t\t\t<\/div>\t\n\t\t\t\t<\/figure>\n\t\t\t<\/div>\n\t\t\t\t\t\t<div class=\"vrc-modcars-item vrc-modcars-grid-item\" style=\"width: 25%;\" data-groups='[\"Manuala\"]'>\n\n\t\t\t\t<figure class=\"vrcmodcarsgridcont-item\">\n\t\t\t\t\t<div class=\"vrcmodcarsgridboxdiv\">\t\n\t\t\t\t\t\t\t\t\t\t\t\t<a href=\"https:\/\/rentado.ro\/it\/our-cars\/?view=cardetails&amp;carid=16\" title=\"Skoda Rapid Manuala\"><img decoding=\"async\" src=\"https:\/\/rentado.ro\/wp-content\/plugins\/vikrentcar\/admin\/resources\/1skoda-manual.jpg\" alt=\"Skoda Rapid Manuala\" class=\"vrcmodcarsgridimg\"\/><\/a>\n\t\t\t\t\t\t\t\t\t\t\t\t<div class=\"vrcmodcarsgrid-item_details\">\n\t\t\t\t\t\t\t\t\t\t\t\t<div class=\"vrcmodcarsgrid-item_cat\">Manuala<\/div>\n\t\t\t\t\t\t\t\t\t\t\t\t<figcaption class=\"vrcmodcarsgrid-item_title\">Skoda Rapid Manuala<\/figcaption>\n\t\t\t\t        \t\t\t\t\t\t\t\t\t\t\t\t<div class=\"vrcmodcarsgrid-box-cost\">\n\t\t\t\t\t\t\t<span class=\"vrcmodcarsgridstartfrom\">A partire da<\/span>\n\t\t\t\t\t\t\t<span class=\"vrcmodcarsgridcarcost\"><span class=\"vrc_currency\">\u20ac<\/span> <span class=\"vrc_price\">28.00<\/span><\/span>\n\t\t\t\t\t\t<\/div>\n\t\t\t\t\t\t\t\t\t\t        <\/div>\n\t\t\t\t\t\t<div class=\"vrcmodcarsgridview\">\n\t\t\t\t\t\t\t<a class=\"btn btn-vrcmodcarsgrid-btn vrc-pref-color-btn\" href=\"https:\/\/rentado.ro\/it\/our-cars\/?view=cardetails&amp;carid=16\" title=\"\">Prosegui<\/a>\n\t\t\t\t\t\t<\/div>\n\t\t\t\t\t\t<div class=\"vrcmodcarsgrid-item-btm\">\n\t\t\t\t\t\t\t<div class=\"vrcmodcarsgrid-item_carat\"><div class=\"vrccaratsdiv\"><div class=\"vrccarcarat\"><span class=\"vrc-carat-cont\"><span class=\"vrc-expl\" data-vrc-expl=\"5 LOCURI\"><img decoding=\"async\" src=\"https:\/\/rentado.ro\/wp-content\/plugins\/vikrentcar\/admin\/resources\/1r_user.png\" alt=\"5 Locuri\" \/><\/span><\/span>\n<\/div><div class=\"vrccarcarat\"><span class=\"vrc-carat-cont\"><span class=\"vrc-expl\" data-vrc-expl=\"BAGAJE X4\"><img decoding=\"async\" src=\"https:\/\/rentado.ro\/wp-content\/plugins\/vikrentcar\/admin\/resources\/1r_luggage.png\" alt=\"Bagaje X4\" \/><\/span><\/span>\n<\/div><div class=\"vrccarcarat\"><span class=\"vrc-carat-cont\"><span class=\"vrc-expl\" data-vrc-expl=\"Bluetooth\"><img decoding=\"async\" src=\"https:\/\/rentado.ro\/wp-content\/plugins\/vikrentcar\/admin\/resources\/r_bluetooth-icon-1494x2048-4obcamkt.png\" alt=\"Bluetooth\" \/><\/span><\/span>\n<\/div><div class=\"vrccarcarat\"><span class=\"vrc-carat-cont\"><img decoding=\"async\" src=\"https:\/\/rentado.ro\/wp-content\/plugins\/vikrentcar\/admin\/resources\/r_73882.png\" alt=\"CD player\" title=\"CD player\"\/><\/span>\n<\/div><\/div>\n<\/div>\n\t\t\t\t\t\t<\/div>\n\t\t\t\t\t<\/div>\t\n\t\t\t\t<\/figure>\n\t\t\t<\/div>\n\t\t\t\t\t\t<div class=\"vrc-modcars-item vrc-modcars-grid-item\" style=\"width: 25%;\" data-groups='[\"5 locuri, Automata, Km nelimitati\"]'>\n\n\t\t\t\t<figure class=\"vrcmodcarsgridcont-item\">\n\t\t\t\t\t<div class=\"vrcmodcarsgridboxdiv\">\t\n\t\t\t\t\t\t\t\t\t\t\t\t<a href=\"https:\/\/rentado.ro\/it\/our-cars\/?view=cardetails&amp;carid=5\" title=\"Renault Captur Automat 2024\/2025\"><img decoding=\"async\" src=\"https:\/\/rentado.ro\/wp-content\/plugins\/vikrentcar\/admin\/resources\/1inchiriere-masina-renault-captur-2023.png\" alt=\"Renault Captur Automat 2024\/2025\" class=\"vrcmodcarsgridimg\"\/><\/a>\n\t\t\t\t\t\t\t\t\t\t\t\t<div class=\"vrcmodcarsgrid-item_details\">\n\t\t\t\t\t\t\t\t\t\t\t\t<div class=\"vrcmodcarsgrid-item_cat\">5 locuri, Automata, Km nelimitati<\/div>\n\t\t\t\t\t\t\t\t\t\t\t\t<figcaption class=\"vrcmodcarsgrid-item_title\">Renault Captur Automat 2024\/2025<\/figcaption>\n\t\t\t\t        \t\t\t\t\t\t\t\t\t\t\t\t<div class=\"vrcmodcarsgrid-box-cost\">\n\t\t\t\t\t\t\t<span class=\"vrcmodcarsgridstartfrom\">A partire da<\/span>\n\t\t\t\t\t\t\t<span class=\"vrcmodcarsgridcarcost\"><span class=\"vrc_currency\">\u20ac<\/span> <span class=\"vrc_price\">30.00<\/span><\/span>\n\t\t\t\t\t\t<\/div>\n\t\t\t\t\t\t\t\t\t\t        <\/div>\n\t\t\t\t\t\t<div class=\"vrcmodcarsgridview\">\n\t\t\t\t\t\t\t<a class=\"btn btn-vrcmodcarsgrid-btn vrc-pref-color-btn\" href=\"https:\/\/rentado.ro\/it\/our-cars\/?view=cardetails&amp;carid=5\" title=\"\">Prosegui<\/a>\n\t\t\t\t\t\t<\/div>\n\t\t\t\t\t\t<div class=\"vrcmodcarsgrid-item-btm\">\n\t\t\t\t\t\t\t<div class=\"vrcmodcarsgrid-item_carat\"><div class=\"vrccaratsdiv\"><div class=\"vrccarcarat\"><span class=\"vrc-carat-cont\"><span class=\"vrc-expl\" data-vrc-expl=\"5 LOCURI\"><img decoding=\"async\" src=\"https:\/\/rentado.ro\/wp-content\/plugins\/vikrentcar\/admin\/resources\/1r_user.png\" alt=\"5 Locuri\" \/><\/span><\/span>\n<\/div><div class=\"vrccarcarat\"><span class=\"vrc-carat-cont\"><span class=\"vrc-expl\" data-vrc-expl=\"BAGAJE X4\"><img decoding=\"async\" src=\"https:\/\/rentado.ro\/wp-content\/plugins\/vikrentcar\/admin\/resources\/1r_luggage.png\" alt=\"Bagaje X4\" \/><\/span><\/span>\n<\/div><div class=\"vrccarcarat\"><span class=\"vrc-carat-cont\"><span class=\"vrc-expl\" data-vrc-expl=\"Bluetooth\"><img decoding=\"async\" src=\"https:\/\/rentado.ro\/wp-content\/plugins\/vikrentcar\/admin\/resources\/r_bluetooth-icon-1494x2048-4obcamkt.png\" alt=\"Bluetooth\" \/><\/span><\/span>\n<\/div><div class=\"vrccarcarat\"><span class=\"vrc-carat-cont\"><img decoding=\"async\" src=\"https:\/\/rentado.ro\/wp-content\/plugins\/vikrentcar\/admin\/resources\/r_73882.png\" alt=\"CD player\" title=\"CD player\"\/><\/span>\n<\/div><\/div>\n<\/div>\n\t\t\t\t\t\t<\/div>\n\t\t\t\t\t<\/div>\t\n\t\t\t\t<\/figure>\n\t\t\t<\/div>\n\t\t\t\t\t<\/div>\n\t<\/div>\n<\/div>\n\n\t\t\t\t<\/div>\n\t\t\t\t<\/div>\n\t\t\t\t<div class=\"elementor-element elementor-element-a2759c9 elementor-widget elementor-widget-dreamsrent_elementor_heading1\" data-id=\"a2759c9\" data-element_type=\"widget\" data-e-type=\"widget\" data-widget_type=\"dreamsrent_elementor_heading1.default\">\n\t\t\t\t<div class=\"elementor-widget-container\">\n\t\t\t\t\t\r\n<div class=\"section-heading text-center\" data-aos=\"fade-down\">\r\n     <h2>Transparen\u021ba \u0219i Integritatea Rentado<\/h2>\r\n      <p><\/p>\r\n\t  \r\n    <\/div>\r\n\t \t\t\t\t<\/div>\n\t\t\t\t<\/div>\n\t\t\t\t<div class=\"elementor-element elementor-element-815bdc2 elementor-widget elementor-widget-text-editor\" data-id=\"815bdc2\" data-element_type=\"widget\" data-e-type=\"widget\" data-widget_type=\"text-editor.default\">\n\t\t\t\t<div class=\"elementor-widget-container\">\n\t\t\t\t\t\t\t\t\t<p>Unul dintre cele mai apreciate aspecte ale serviciilor Rentado este transparen\u021ba total\u0103 \u00een politica de pre\u021buri \u0219i condi\u021biile de \u00eenchiriere. F\u0103r\u0103 taxe ascunse \u0219i f\u0103r\u0103 cerin\u021be suplimentare inutile, clien\u021bii pot avea \u00eencredere c\u0103 vor pl\u0103ti exact ceea ce a fost convenit ini\u021bial.<\/p><ul><li><p><strong>F\u0103r\u0103 Taxe Ascunse<\/strong>: Rentado comunic\u0103 deschis toate costurile implicate \u00een \u00eenchirierea unui vehicul, inclusiv op\u021biunile de asigurare \u0219i politicile de combustibil, asigur\u00e2ndu-se c\u0103 clien\u021bii fac alegeri informate.<\/p><\/li><li><p><strong>Politica de Combustibil Just\u0103<\/strong>: Rentado utilizeaz\u0103 o politic\u0103 simpl\u0103 \u0219i echitabil\u0103: &#8220;plin la plin&#8221;, unde clien\u021bii primesc ma\u0219ina cu rezervorul plin \u0219i sunt a\u0219tepta\u021bi s\u0103 o returneze \u00een aceea\u0219i condi\u021bie.<\/p><\/li><\/ul>\t\t\t\t\t\t\t\t<\/div>\n\t\t\t\t<\/div>\n\t\t\t\t\t<\/div>\n\t\t\t\t<\/div>\n\t\t<div class=\"elementor-element elementor-element-277aa73 e-flex e-con-boxed e-con e-parent\" data-id=\"277aa73\" data-element_type=\"container\" data-e-type=\"container\">\n\t\t\t\t\t<div class=\"e-con-inner\">\n\t\t\t\t<div class=\"elementor-element elementor-element-1dffc7d elementor-widget elementor-widget-dreamsrent_elementor_heading1\" data-id=\"1dffc7d\" data-element_type=\"widget\" data-e-type=\"widget\" data-widget_type=\"dreamsrent_elementor_heading1.default\">\n\t\t\t\t<div class=\"elementor-widget-container\">\n\t\t\t\t\t\r\n<div class=\"section-heading text-center\" data-aos=\"fade-down\">\r\n     <h2>Suportul Clientului la Rentado<\/h2>\r\n      <p><\/p>\r\n\t  \r\n    <\/div>\r\n\t \t\t\t\t<\/div>\n\t\t\t\t<\/div>\n\t\t\t\t<div class=\"elementor-element elementor-element-0efe4c9 elementor-widget elementor-widget-text-editor\" data-id=\"0efe4c9\" data-element_type=\"widget\" data-e-type=\"widget\" data-widget_type=\"text-editor.default\">\n\t\t\t\t<div class=\"elementor-widget-container\">\n\t\t\t\t\t\t\t\t\t<p>Rentado \u00een\u021belege c\u0103 asisten\u021ba prompt\u0103 \u0219i eficient\u0103 este crucial\u0103 pentru o experien\u021b\u0103 de \u00eenchiriere pozitiv\u0103. De aceea, echipa de suport a clien\u021bilor este disponibil\u0103 24\/7 pentru a r\u0103spunde la \u00eentreb\u0103ri \u0219i pentru a oferi asisten\u021b\u0103 \u00een caz de nevoie. Aceasta include totul, de la asisten\u021b\u0103 rutier\u0103 p\u00e2n\u0103 la sfaturi de c\u0103l\u0103torie locale, garant\u00e2nd c\u0103 fiecare client beneficiaz\u0103 de o c\u0103l\u0103torie lipsit\u0103 de griji.<\/p>\t\t\t\t\t\t\t\t<\/div>\n\t\t\t\t<\/div>\n\t\t\t\t\t<\/div>\n\t\t\t\t<\/div>\n\t\t<div class=\"elementor-element elementor-element-6693750 e-flex e-con-boxed e-con e-parent\" data-id=\"6693750\" data-element_type=\"container\" data-e-type=\"container\">\n\t\t\t\t\t<div class=\"e-con-inner\">\n\t\t\t\t<div class=\"elementor-element elementor-element-237caee elementor-widget elementor-widget-dreamsrent_elementor_heading1\" data-id=\"237caee\" data-element_type=\"widget\" data-e-type=\"widget\" data-widget_type=\"dreamsrent_elementor_heading1.default\">\n\t\t\t\t<div class=\"elementor-widget-container\">\n\t\t\t\t\t\r\n<div class=\"section-heading text-center\" data-aos=\"fade-down\">\r\n     <h2>Concluzii<\/h2>\r\n      <p><\/p>\r\n\t  \r\n    <\/div>\r\n\t \t\t\t\t<\/div>\n\t\t\t\t<\/div>\n\t\t\t\t<div class=\"elementor-element elementor-element-6c7598a elementor-widget elementor-widget-text-editor\" data-id=\"6c7598a\" data-element_type=\"widget\" data-e-type=\"widget\" data-widget_type=\"text-editor.default\">\n\t\t\t\t<div class=\"elementor-widget-container\">\n\t\t\t\t\t\t\t\t\t<p>Aleg\u00e2nd Rentado pentru \u00eenchirierea unui auto \u00een Otopeni, beneficia\u021bi de avantajul unei proceduri simplificate, f\u0103r\u0103 necesitatea unei garan\u021bii, \u0219i de accesul la o gam\u0103 variat\u0103 de vehicule la pre\u021buri competitive. Cu o politic\u0103 transparent\u0103, un proces de \u00eenchiriere eficient \u0219i suport dedicat clien\u021bilor, Rentado se distinge ca fiind op\u021biunea ideal\u0103 pentru oricine caut\u0103 s\u0103 \u00eenchirieze un vehicul la Aeroportul Otopeni, oferind libertatea de a explora Bucure\u0219tiul \u0219i \u00eemprejurimile cu \u00eencredere \u0219i confort.<\/p>\t\t\t\t\t\t\t\t<\/div>\n\t\t\t\t<\/div>\n\t\t\t\t\t<\/div>\n\t\t\t\t<\/div>\n\t\t\t\t<\/div>\n\t\t","protected":false},"excerpt":{"rendered":"<p>\u00centr-o lume \u00een continu\u0103 mi\u0219care, accesul la un vehicul fiabil poate transforma complet o c\u0103l\u0103torie de afaceri, o vacan\u021b\u0103 sau chiar o simpl\u0103 zi \u00een ora\u0219. Rentado, cu punctul s\u0103u de serviciu amplasat strategic \u00een Aeroportul Interna\u021bional Henri Coand\u0103 (Otopeni), ofer\u0103 o solu\u021bie accesibil\u0103 \u0219i convenabil\u0103 pentru \u00eenchirieri auto, \u0219i face acest lucru f\u0103r\u0103 a [&hellip;]<\/p>\n","protected":false},"author":3,"featured_media":4801,"comment_status":"open","ping_status":"open","sticky":false,"template":"","format":"standard","meta":{"footnotes":""},"categories":[16],"tags":[],"class_list":["post-4800","post","type-post","status-publish","format-standard","has-post-thumbnail","hentry","category-inchirieri-auto"],"yoast_head":"<!-- This site is optimized with the Yoast SEO plugin v27.1.1 - https:\/\/yoast.com\/product\/yoast-seo-wordpress\/ -->\n<title>\u00cenchirieri auto Bucure\u0219ti ieftine de la Rentado, f\u0103r\u0103 garan\u021bie - Rentado - Inchirieri Auto Otopeni<\/title>\n<meta name=\"description\" content=\"\u00cenchirieri auto Bucure\u0219ti ieftine de la Rentado, f\u0103r\u0103 garan\u021bie - Rentado - Inchirieri Auto Otopeni\" \/>\n<meta name=\"robots\" content=\"index, follow, max-snippet:-1, max-image-preview:large, max-video-preview:-1\" \/>\n<link rel=\"canonical\" href=\"https:\/\/rentado.ro\/it\/noleggio-auto-a-buon-mercato-in-bucuresti-da-rentado-senza-garanzia\/\" \/>\n<meta property=\"og:locale\" content=\"it_IT\" \/>\n<meta property=\"og:type\" content=\"article\" \/>\n<meta property=\"og:title\" content=\"\u00cenchirieri auto Bucure\u0219ti ieftine de la Rentado, f\u0103r\u0103 garan\u021bie - Rentado - Inchirieri Auto Otopeni\" \/>\n<meta property=\"og:description\" content=\"\u00cenchirieri auto Bucure\u0219ti ieftine de la Rentado, f\u0103r\u0103 garan\u021bie - Rentado - Inchirieri Auto Otopeni\" \/>\n<meta property=\"og:url\" content=\"https:\/\/rentado.ro\/it\/noleggio-auto-a-buon-mercato-in-bucuresti-da-rentado-senza-garanzia\/\" \/>\n<meta property=\"og:site_name\" content=\"Rentado - Inchirieri Auto Otopeni\" \/>\n<meta property=\"article:published_time\" content=\"2024-05-07T09:23:08+00:00\" \/>\n<meta property=\"article:modified_time\" content=\"2024-05-07T11:12:12+00:00\" \/>\n<meta property=\"og:image\" content=\"https:\/\/rentado.ro\/wp-content\/uploads\/2024\/05\/rentado-inchiriere-auto-fara-garantie-scaled.jpg\" \/>\n\t<meta property=\"og:image:width\" content=\"2560\" \/>\n\t<meta property=\"og:image:height\" content=\"1707\" \/>\n\t<meta property=\"og:image:type\" content=\"image\/jpeg\" \/>\n<meta name=\"author\" content=\"Rentado\" \/>\n<meta name=\"twitter:card\" content=\"summary_large_image\" \/>\n<meta name=\"twitter:label1\" content=\"Scritto da\" \/>\n\t<meta name=\"twitter:data1\" content=\"Rentado\" \/>\n\t<meta name=\"twitter:label2\" content=\"Tempo di lettura stimato\" \/>\n\t<meta name=\"twitter:data2\" content=\"7 minuti\" \/>\n<script type=\"application\/ld+json\" class=\"yoast-schema-graph\">{\"@context\":\"https:\/\/schema.org\",\"@graph\":[{\"@type\":\"Article\",\"@id\":\"https:\/\/rentado.ro\/inchirieri-auto-bucuresti-ieftine-de-la-rentado-fara-garantie\/#article\",\"isPartOf\":{\"@id\":\"https:\/\/rentado.ro\/inchirieri-auto-bucuresti-ieftine-de-la-rentado-fara-garantie\/\"},\"author\":{\"name\":\"Rentado\",\"@id\":\"https:\/\/rentado.ro\/#\/schema\/person\/30ce546bae7bad91011c9d5f60b3ef49\"},\"headline\":\"\u00cenchirieri auto Bucure\u0219ti ieftine de la Rentado, f\u0103r\u0103 garan\u021bie\",\"datePublished\":\"2024-05-07T09:23:08+00:00\",\"dateModified\":\"2024-05-07T11:12:12+00:00\",\"mainEntityOfPage\":{\"@id\":\"https:\/\/rentado.ro\/inchirieri-auto-bucuresti-ieftine-de-la-rentado-fara-garantie\/\"},\"wordCount\":684,\"commentCount\":0,\"publisher\":{\"@id\":\"https:\/\/rentado.ro\/#organization\"},\"image\":{\"@id\":\"https:\/\/rentado.ro\/inchirieri-auto-bucuresti-ieftine-de-la-rentado-fara-garantie\/#primaryimage\"},\"thumbnailUrl\":\"https:\/\/rentado.ro\/wp-content\/uploads\/2024\/05\/rentado-inchiriere-auto-fara-garantie-scaled.jpg\",\"articleSection\":[\"\u00cenchirieri auto\"],\"inLanguage\":\"it-IT\",\"potentialAction\":[{\"@type\":\"CommentAction\",\"name\":\"Comment\",\"target\":[\"https:\/\/rentado.ro\/inchirieri-auto-bucuresti-ieftine-de-la-rentado-fara-garantie\/#respond\"]}]},{\"@type\":\"WebPage\",\"@id\":\"https:\/\/rentado.ro\/inchirieri-auto-bucuresti-ieftine-de-la-rentado-fara-garantie\/\",\"url\":\"https:\/\/rentado.ro\/inchirieri-auto-bucuresti-ieftine-de-la-rentado-fara-garantie\/\",\"name\":\"\u00cenchirieri auto Bucure\u0219ti ieftine de la Rentado, f\u0103r\u0103 garan\u021bie - Rentado - Inchirieri Auto Otopeni\",\"isPartOf\":{\"@id\":\"https:\/\/rentado.ro\/#website\"},\"primaryImageOfPage\":{\"@id\":\"https:\/\/rentado.ro\/inchirieri-auto-bucuresti-ieftine-de-la-rentado-fara-garantie\/#primaryimage\"},\"image\":{\"@id\":\"https:\/\/rentado.ro\/inchirieri-auto-bucuresti-ieftine-de-la-rentado-fara-garantie\/#primaryimage\"},\"thumbnailUrl\":\"https:\/\/rentado.ro\/wp-content\/uploads\/2024\/05\/rentado-inchiriere-auto-fara-garantie-scaled.jpg\",\"datePublished\":\"2024-05-07T09:23:08+00:00\",\"dateModified\":\"2024-05-07T11:12:12+00:00\",\"description\":\"\u00cenchirieri auto Bucure\u0219ti ieftine de la Rentado, f\u0103r\u0103 garan\u021bie - Rentado - Inchirieri Auto Otopeni\",\"breadcrumb\":{\"@id\":\"https:\/\/rentado.ro\/inchirieri-auto-bucuresti-ieftine-de-la-rentado-fara-garantie\/#breadcrumb\"},\"inLanguage\":\"it-IT\",\"potentialAction\":[{\"@type\":\"ReadAction\",\"target\":[\"https:\/\/rentado.ro\/inchirieri-auto-bucuresti-ieftine-de-la-rentado-fara-garantie\/\"]}]},{\"@type\":\"ImageObject\",\"inLanguage\":\"it-IT\",\"@id\":\"https:\/\/rentado.ro\/inchirieri-auto-bucuresti-ieftine-de-la-rentado-fara-garantie\/#primaryimage\",\"url\":\"https:\/\/rentado.ro\/wp-content\/uploads\/2024\/05\/rentado-inchiriere-auto-fara-garantie-scaled.jpg\",\"contentUrl\":\"https:\/\/rentado.ro\/wp-content\/uploads\/2024\/05\/rentado-inchiriere-auto-fara-garantie-scaled.jpg\",\"width\":2560,\"height\":1707},{\"@type\":\"BreadcrumbList\",\"@id\":\"https:\/\/rentado.ro\/inchirieri-auto-bucuresti-ieftine-de-la-rentado-fara-garantie\/#breadcrumb\",\"itemListElement\":[{\"@type\":\"ListItem\",\"position\":1,\"name\":\"Prima pagin\u0103\",\"item\":\"https:\/\/rentado.ro\/\"},{\"@type\":\"ListItem\",\"position\":2,\"name\":\"\u00cenchirieri auto Bucure\u0219ti ieftine de la Rentado, f\u0103r\u0103 garan\u021bie\"}]},{\"@type\":\"WebSite\",\"@id\":\"https:\/\/rentado.ro\/#website\",\"url\":\"https:\/\/rentado.ro\/\",\"name\":\"Rentado - Inchirieri Auto Otopeni\",\"description\":\"Your Mobility Partner\",\"publisher\":{\"@id\":\"https:\/\/rentado.ro\/#organization\"},\"alternateName\":\"Inchirieri masini Otopeni\",\"potentialAction\":[{\"@type\":\"SearchAction\",\"target\":{\"@type\":\"EntryPoint\",\"urlTemplate\":\"https:\/\/rentado.ro\/?s={search_term_string}\"},\"query-input\":{\"@type\":\"PropertyValueSpecification\",\"valueRequired\":true,\"valueName\":\"search_term_string\"}}],\"inLanguage\":\"it-IT\"},{\"@type\":\"Organization\",\"@id\":\"https:\/\/rentado.ro\/#organization\",\"name\":\"TTR MOBILITY NETWORK SRL\",\"alternateName\":\"Rentado\",\"url\":\"https:\/\/rentado.ro\/\",\"logo\":{\"@type\":\"ImageObject\",\"inLanguage\":\"it-IT\",\"@id\":\"https:\/\/rentado.ro\/#\/schema\/logo\/image\/\",\"url\":\"https:\/\/rentado.ro\/wp-content\/uploads\/2024\/04\/rentado-686.png\",\"contentUrl\":\"https:\/\/rentado.ro\/wp-content\/uploads\/2024\/04\/rentado-686.png\",\"width\":696,\"height\":696,\"caption\":\"TTR MOBILITY NETWORK SRL\"},\"image\":{\"@id\":\"https:\/\/rentado.ro\/#\/schema\/logo\/image\/\"}},{\"@type\":\"Person\",\"@id\":\"https:\/\/rentado.ro\/#\/schema\/person\/30ce546bae7bad91011c9d5f60b3ef49\",\"name\":\"Rentado\",\"image\":{\"@type\":\"ImageObject\",\"inLanguage\":\"it-IT\",\"@id\":\"https:\/\/rentado.ro\/#\/schema\/person\/image\/\",\"url\":\"https:\/\/rentado.ro\/wp-content\/litespeed\/avatar\/3e8099fab93a3a8386fa736c85c57160.jpg?ver=1777449725\",\"contentUrl\":\"https:\/\/rentado.ro\/wp-content\/litespeed\/avatar\/3e8099fab93a3a8386fa736c85c57160.jpg?ver=1777449725\",\"caption\":\"Rentado\"},\"url\":\"https:\/\/rentado.ro\/it\/author\/valentin\/\"}]}<\/script>\n<!-- \/ Yoast SEO plugin. -->","yoast_head_json":{"title":"Noleggio auto Bucarest da Rentado, senza garanzia - Rentado - Rent a Car Otopeni Aeroporto","description":"Noleggio auto Bucarest da Rentado, senza garanzia - Rentado - Rent a Car Otopeni Aeroporto","robots":{"index":"index","follow":"follow","max-snippet":"max-snippet:-1","max-image-preview":"max-image-preview:large","max-video-preview":"max-video-preview:-1"},"canonical":"https:\/\/rentado.ro\/it\/noleggio-auto-a-buon-mercato-in-bucuresti-da-rentado-senza-garanzia\/","og_locale":"it_IT","og_type":"article","og_title":"\u00cenchirieri auto Bucure\u0219ti ieftine de la Rentado, f\u0103r\u0103 garan\u021bie - Rentado - Inchirieri Auto Otopeni","og_description":"\u00cenchirieri auto Bucure\u0219ti ieftine de la Rentado, f\u0103r\u0103 garan\u021bie - Rentado - Inchirieri Auto Otopeni","og_url":"https:\/\/rentado.ro\/it\/noleggio-auto-a-buon-mercato-in-bucuresti-da-rentado-senza-garanzia\/","og_site_name":"Rentado - Inchirieri Auto Otopeni","article_published_time":"2024-05-07T09:23:08+00:00","article_modified_time":"2024-05-07T11:12:12+00:00","og_image":[{"width":2560,"height":1707,"url":"https:\/\/rentado.ro\/wp-content\/uploads\/2024\/05\/rentado-inchiriere-auto-fara-garantie-scaled.jpg","type":"image\/jpeg"}],"author":"Rentado","twitter_card":"summary_large_image","twitter_misc":{"Scritto da":"Rentado","Tempo di lettura stimato":"7 minuti"},"schema":{"@context":"https:\/\/schema.org","@graph":[{"@type":"Article","@id":"https:\/\/rentado.ro\/inchirieri-auto-bucuresti-ieftine-de-la-rentado-fara-garantie\/#article","isPartOf":{"@id":"https:\/\/rentado.ro\/inchirieri-auto-bucuresti-ieftine-de-la-rentado-fara-garantie\/"},"author":{"name":"Rentado","@id":"https:\/\/rentado.ro\/#\/schema\/person\/30ce546bae7bad91011c9d5f60b3ef49"},"headline":"\u00cenchirieri auto Bucure\u0219ti ieftine de la Rentado, f\u0103r\u0103 garan\u021bie","datePublished":"2024-05-07T09:23:08+00:00","dateModified":"2024-05-07T11:12:12+00:00","mainEntityOfPage":{"@id":"https:\/\/rentado.ro\/inchirieri-auto-bucuresti-ieftine-de-la-rentado-fara-garantie\/"},"wordCount":684,"commentCount":0,"publisher":{"@id":"https:\/\/rentado.ro\/#organization"},"image":{"@id":"https:\/\/rentado.ro\/inchirieri-auto-bucuresti-ieftine-de-la-rentado-fara-garantie\/#primaryimage"},"thumbnailUrl":"https:\/\/rentado.ro\/wp-content\/uploads\/2024\/05\/rentado-inchiriere-auto-fara-garantie-scaled.jpg","articleSection":["\u00cenchirieri auto"],"inLanguage":"it-IT","potentialAction":[{"@type":"CommentAction","name":"Comment","target":["https:\/\/rentado.ro\/inchirieri-auto-bucuresti-ieftine-de-la-rentado-fara-garantie\/#respond"]}]},{"@type":"WebPage","@id":"https:\/\/rentado.ro\/inchirieri-auto-bucuresti-ieftine-de-la-rentado-fara-garantie\/","url":"https:\/\/rentado.ro\/inchirieri-auto-bucuresti-ieftine-de-la-rentado-fara-garantie\/","name":"Noleggio auto Bucarest da Rentado, senza garanzia - Rentado - Rent a Car Otopeni Aeroporto","isPartOf":{"@id":"https:\/\/rentado.ro\/#website"},"primaryImageOfPage":{"@id":"https:\/\/rentado.ro\/inchirieri-auto-bucuresti-ieftine-de-la-rentado-fara-garantie\/#primaryimage"},"image":{"@id":"https:\/\/rentado.ro\/inchirieri-auto-bucuresti-ieftine-de-la-rentado-fara-garantie\/#primaryimage"},"thumbnailUrl":"https:\/\/rentado.ro\/wp-content\/uploads\/2024\/05\/rentado-inchiriere-auto-fara-garantie-scaled.jpg","datePublished":"2024-05-07T09:23:08+00:00","dateModified":"2024-05-07T11:12:12+00:00","description":"Noleggio auto Bucarest da Rentado, senza garanzia - Rentado - Rent a Car Otopeni Aeroporto","breadcrumb":{"@id":"https:\/\/rentado.ro\/inchirieri-auto-bucuresti-ieftine-de-la-rentado-fara-garantie\/#breadcrumb"},"inLanguage":"it-IT","potentialAction":[{"@type":"ReadAction","target":["https:\/\/rentado.ro\/inchirieri-auto-bucuresti-ieftine-de-la-rentado-fara-garantie\/"]}]},{"@type":"ImageObject","inLanguage":"it-IT","@id":"https:\/\/rentado.ro\/inchirieri-auto-bucuresti-ieftine-de-la-rentado-fara-garantie\/#primaryimage","url":"https:\/\/rentado.ro\/wp-content\/uploads\/2024\/05\/rentado-inchiriere-auto-fara-garantie-scaled.jpg","contentUrl":"https:\/\/rentado.ro\/wp-content\/uploads\/2024\/05\/rentado-inchiriere-auto-fara-garantie-scaled.jpg","width":2560,"height":1707},{"@type":"BreadcrumbList","@id":"https:\/\/rentado.ro\/inchirieri-auto-bucuresti-ieftine-de-la-rentado-fara-garantie\/#breadcrumb","itemListElement":[{"@type":"ListItem","position":1,"name":"Prima pagin\u0103","item":"https:\/\/rentado.ro\/"},{"@type":"ListItem","position":2,"name":"\u00cenchirieri auto Bucure\u0219ti ieftine de la Rentado, f\u0103r\u0103 garan\u021bie"}]},{"@type":"WebSite","@id":"https:\/\/rentado.ro\/#website","url":"https:\/\/rentado.ro\/","name":"Rentado - Noleggio auto Otopeni","description":"Il vostro partner per la mobilit\u00e0","publisher":{"@id":"https:\/\/rentado.ro\/#organization"},"alternateName":"Inchirieri masini Otopeni","potentialAction":[{"@type":"SearchAction","target":{"@type":"EntryPoint","urlTemplate":"https:\/\/rentado.ro\/?s={search_term_string}"},"query-input":{"@type":"PropertyValueSpecification","valueRequired":true,"valueName":"search_term_string"}}],"inLanguage":"it-IT"},{"@type":"Organization","@id":"https:\/\/rentado.ro\/#organization","name":"TTR MOBILITY NETWORK SRL","alternateName":"Rentado","url":"https:\/\/rentado.ro\/","logo":{"@type":"ImageObject","inLanguage":"it-IT","@id":"https:\/\/rentado.ro\/#\/schema\/logo\/image\/","url":"https:\/\/rentado.ro\/wp-content\/uploads\/2024\/04\/rentado-686.png","contentUrl":"https:\/\/rentado.ro\/wp-content\/uploads\/2024\/04\/rentado-686.png","width":696,"height":696,"caption":"TTR MOBILITY NETWORK SRL"},"image":{"@id":"https:\/\/rentado.ro\/#\/schema\/logo\/image\/"}},{"@type":"Person","@id":"https:\/\/rentado.ro\/#\/schema\/person\/30ce546bae7bad91011c9d5f60b3ef49","name":"Affittato","image":{"@type":"ImageObject","inLanguage":"it-IT","@id":"https:\/\/rentado.ro\/#\/schema\/person\/image\/","url":"https:\/\/rentado.ro\/wp-content\/litespeed\/avatar\/3e8099fab93a3a8386fa736c85c57160.jpg?ver=1777449725","contentUrl":"https:\/\/rentado.ro\/wp-content\/litespeed\/avatar\/3e8099fab93a3a8386fa736c85c57160.jpg?ver=1777449725","caption":"Rentado"},"url":"https:\/\/rentado.ro\/it\/author\/valentin\/"}]}},"_links":{"self":[{"href":"https:\/\/rentado.ro\/it\/wp-json\/wp\/v2\/posts\/4800","targetHints":{"allow":["GET"]}}],"collection":[{"href":"https:\/\/rentado.ro\/it\/wp-json\/wp\/v2\/posts"}],"about":[{"href":"https:\/\/rentado.ro\/it\/wp-json\/wp\/v2\/types\/post"}],"author":[{"embeddable":true,"href":"https:\/\/rentado.ro\/it\/wp-json\/wp\/v2\/users\/3"}],"replies":[{"embeddable":true,"href":"https:\/\/rentado.ro\/it\/wp-json\/wp\/v2\/comments?post=4800"}],"version-history":[{"count":22,"href":"https:\/\/rentado.ro\/it\/wp-json\/wp\/v2\/posts\/4800\/revisions"}],"predecessor-version":[{"id":4824,"href":"https:\/\/rentado.ro\/it\/wp-json\/wp\/v2\/posts\/4800\/revisions\/4824"}],"wp:featuredmedia":[{"embeddable":true,"href":"https:\/\/rentado.ro\/it\/wp-json\/wp\/v2\/media\/4801"}],"wp:attachment":[{"href":"https:\/\/rentado.ro\/it\/wp-json\/wp\/v2\/media?parent=4800"}],"wp:term":[{"taxonomy":"category","embeddable":true,"href":"https:\/\/rentado.ro\/it\/wp-json\/wp\/v2\/categories?post=4800"},{"taxonomy":"post_tag","embeddable":true,"href":"https:\/\/rentado.ro\/it\/wp-json\/wp\/v2\/tags?post=4800"}],"curies":[{"name":"wp","href":"https:\/\/api.w.org\/{rel}","templated":true}]}}