{"id":5985,"date":"2025-12-03T15:52:40","date_gmt":"2025-12-03T13:52:40","guid":{"rendered":"https:\/\/rentado.ro\/?p=5985"},"modified":"2025-12-03T16:07:08","modified_gmt":"2025-12-03T14:07:08","slug":"car-rental-guide-bucuresti","status":"publish","type":"post","link":"https:\/\/rentado.ro\/en\/ghid-inchiriere-auto-bucuresti\/","title":{"rendered":"Everything you need to know about car rental in Bucharest: a complete guide for beginners"},"content":{"rendered":"<p>What the risks are, how modern rent a car services work and why companies like Rentado have become the first choice for Romanians arriving in Bucharest.<\/p>\n\n\n\n<p>In recent years, <a href=\"https:\/\/rentado.ro\/en\/rent-a-car-bucuresti-come-in-the-country-on-holidays\/\">car rental in Bucharest<\/a> has become one of the most popular solutions for tourists, Romanians in diaspora and those who need a personal means of transportation quickly. Whether you're coming to the country for a few days, have to make trips around the capital or simply want flexibility, the \u201crent a car\u201d system is already integrated into the routine of many travelers. However, for someone who has never rented a car before, the process can seem complicated: contracts, insurance, accident procedures, conditions and risks. In reality, things are much simpler - especially in 2025, when companies like <strong>Rented<\/strong> have managed to take the stress out of the rental experience by offering complete no-warranty packages with FULL CASCO insurance and round-the-clock support.<\/p>\n\n\n\n<p>This article explains everything you need to know, from first contact to handing over your car, in a journalistic and accessible style.<\/p>\n\n\n\n<h2 class=\"wp-block-heading\"><strong>What does car rental in Bucharest actually mean?<\/strong><\/h2>\n\n\n\n<p>Renting a car is a modern form of mobility: you only pay for the time you need the car, without worrying about maintenance, taxes, repairs or depreciation. In Bucharest, the service is mainly available in two main areas: in the city and at Otopeni Airport, a favorite spot for Romanians living abroad.<\/p>\n\n\n\n<p>Only need your car for a few days? Rent. Got a special event? Rent it. In the country and need to get home fast? Rent it again. The concept is simple and efficient - and for many, it's even more convenient than taxis or ride-sharing, especially when you have long trips planned.<\/p>\n\n\n\n<h2 class=\"wp-block-heading\"><strong>Benefits of car rental with modern companies like Rentado<\/strong><\/h2>\n\n\n\n<p>Although there are many rent a car companies, the differences between them are major. Rentado, a company specializing in car rental in Bucharest and Otopeni, has attracted attention precisely because it has simplified what was once complicated.<\/p>\n\n\n\n<h3 class=\"wp-block-heading\"><strong>What concrete advantages do you have?<\/strong><\/h3>\n\n\n\n<ul class=\"wp-block-list\">\n<li><strong>No guarantee (no deposit blocked on the card)<\/strong><\/li>\n\n\n\n<li><strong>FULL CASCO insurance included<\/strong><\/li>\n\n\n\n<li><strong>Unlimited kilometers throughout Romania<\/strong><\/li>\n\n\n\n<li><strong>Direct delivery to Otopeni Airport, 24\/7<\/strong><\/li>\n\n\n\n<li><strong>Zero hidden taxes and full transparency<\/strong><\/li>\n\n\n\n<li><strong>Second free driver<\/strong><\/li>\n\n\n\n<li><strong>24\/7 support by phone, WhatsApp or email<\/strong><\/li>\n<\/ul>\n\n\n\n<p>Their rental system is based on a simple principle: <em>the customer has nothing to worry about<\/em>. And that clearly sets them apart in an industry where many companies require large deposits, surprise fees or limit the number of kilometers.<\/p>\n\n\n\n<figure class=\"wp-block-gallery has-nested-images columns-default is-cropped wp-block-gallery-1 is-layout-flex wp-block-gallery-is-layout-flex\">\n<figure class=\"wp-block-image size-large\"><img fetchpriority=\"high\" decoding=\"async\" width=\"1024\" height=\"768\" data-id=\"5986\" src=\"https:\/\/rentado.ro\/wp-content\/uploads\/2025\/12\/arkana-1-1024x768.jpg\" alt=\"\" class=\"wp-image-5986\" srcset=\"https:\/\/rentado.ro\/wp-content\/uploads\/2025\/12\/arkana-1-1024x768.jpg 1024w, https:\/\/rentado.ro\/wp-content\/uploads\/2025\/12\/arkana-1-300x225.jpg 300w, https:\/\/rentado.ro\/wp-content\/uploads\/2025\/12\/arkana-1-768x576.jpg 768w, https:\/\/rentado.ro\/wp-content\/uploads\/2025\/12\/arkana-1-16x12.jpg 16w, https:\/\/rentado.ro\/wp-content\/uploads\/2025\/12\/arkana-1-350x263.jpg 350w, https:\/\/rentado.ro\/wp-content\/uploads\/2025\/12\/arkana-1-600x450.jpg 600w, https:\/\/rentado.ro\/wp-content\/uploads\/2025\/12\/arkana-1-855x641.jpg 855w, https:\/\/rentado.ro\/wp-content\/uploads\/2025\/12\/arkana-1-415x311.jpg 415w, https:\/\/rentado.ro\/wp-content\/uploads\/2025\/12\/arkana-1.jpg 1280w\" sizes=\"(max-width: 1024px) 100vw, 1024px\" \/><\/figure>\n\n\n\n<figure class=\"wp-block-image size-large\"><img decoding=\"async\" width=\"1024\" height=\"768\" data-id=\"5987\" src=\"https:\/\/rentado.ro\/wp-content\/uploads\/2025\/12\/arkana-4-1024x768.jpg\" alt=\"\" class=\"wp-image-5987\" srcset=\"https:\/\/rentado.ro\/wp-content\/uploads\/2025\/12\/arkana-4-1024x768.jpg 1024w, https:\/\/rentado.ro\/wp-content\/uploads\/2025\/12\/arkana-4-300x225.jpg 300w, https:\/\/rentado.ro\/wp-content\/uploads\/2025\/12\/arkana-4-768x576.jpg 768w, https:\/\/rentado.ro\/wp-content\/uploads\/2025\/12\/arkana-4-16x12.jpg 16w, https:\/\/rentado.ro\/wp-content\/uploads\/2025\/12\/arkana-4-350x263.jpg 350w, https:\/\/rentado.ro\/wp-content\/uploads\/2025\/12\/arkana-4-600x450.jpg 600w, https:\/\/rentado.ro\/wp-content\/uploads\/2025\/12\/arkana-4-855x641.jpg 855w, https:\/\/rentado.ro\/wp-content\/uploads\/2025\/12\/arkana-4-415x311.jpg 415w, https:\/\/rentado.ro\/wp-content\/uploads\/2025\/12\/arkana-4.jpg 1280w\" sizes=\"(max-width: 1024px) 100vw, 1024px\" \/><\/figure>\n\n\n\n<figure class=\"wp-block-image size-large\"><img decoding=\"async\" width=\"1024\" height=\"768\" data-id=\"5988\" src=\"https:\/\/rentado.ro\/wp-content\/uploads\/2025\/12\/arkana-5-1024x768.jpg\" alt=\"\" class=\"wp-image-5988\" srcset=\"https:\/\/rentado.ro\/wp-content\/uploads\/2025\/12\/arkana-5-1024x768.jpg 1024w, https:\/\/rentado.ro\/wp-content\/uploads\/2025\/12\/arkana-5-300x225.jpg 300w, https:\/\/rentado.ro\/wp-content\/uploads\/2025\/12\/arkana-5-768x576.jpg 768w, https:\/\/rentado.ro\/wp-content\/uploads\/2025\/12\/arkana-5-16x12.jpg 16w, https:\/\/rentado.ro\/wp-content\/uploads\/2025\/12\/arkana-5-350x263.jpg 350w, https:\/\/rentado.ro\/wp-content\/uploads\/2025\/12\/arkana-5-600x450.jpg 600w, https:\/\/rentado.ro\/wp-content\/uploads\/2025\/12\/arkana-5-855x641.jpg 855w, https:\/\/rentado.ro\/wp-content\/uploads\/2025\/12\/arkana-5-415x311.jpg 415w, https:\/\/rentado.ro\/wp-content\/uploads\/2025\/12\/arkana-5.jpg 1280w\" sizes=\"(max-width: 1024px) 100vw, 1024px\" \/><\/figure>\n\n\n\n<figure class=\"wp-block-image size-large\"><img loading=\"lazy\" decoding=\"async\" width=\"1024\" height=\"768\" data-id=\"5989\" src=\"https:\/\/rentado.ro\/wp-content\/uploads\/2025\/12\/arkana-6-1024x768.jpg\" alt=\"\" class=\"wp-image-5989\" srcset=\"https:\/\/rentado.ro\/wp-content\/uploads\/2025\/12\/arkana-6-1024x768.jpg 1024w, https:\/\/rentado.ro\/wp-content\/uploads\/2025\/12\/arkana-6-300x225.jpg 300w, https:\/\/rentado.ro\/wp-content\/uploads\/2025\/12\/arkana-6-768x576.jpg 768w, https:\/\/rentado.ro\/wp-content\/uploads\/2025\/12\/arkana-6-16x12.jpg 16w, https:\/\/rentado.ro\/wp-content\/uploads\/2025\/12\/arkana-6-350x263.jpg 350w, https:\/\/rentado.ro\/wp-content\/uploads\/2025\/12\/arkana-6-600x450.jpg 600w, https:\/\/rentado.ro\/wp-content\/uploads\/2025\/12\/arkana-6-855x641.jpg 855w, https:\/\/rentado.ro\/wp-content\/uploads\/2025\/12\/arkana-6-415x311.jpg 415w, https:\/\/rentado.ro\/wp-content\/uploads\/2025\/12\/arkana-6.jpg 1280w\" sizes=\"(max-width: 1024px) 100vw, 1024px\" \/><\/figure>\n\n\n\n<figure class=\"wp-block-image size-large\"><img loading=\"lazy\" decoding=\"async\" width=\"1024\" height=\"768\" data-id=\"5990\" src=\"https:\/\/rentado.ro\/wp-content\/uploads\/2025\/12\/astra-2-1024x768.jpg\" alt=\"\" class=\"wp-image-5990\" srcset=\"https:\/\/rentado.ro\/wp-content\/uploads\/2025\/12\/astra-2-1024x768.jpg 1024w, https:\/\/rentado.ro\/wp-content\/uploads\/2025\/12\/astra-2-300x225.jpg 300w, https:\/\/rentado.ro\/wp-content\/uploads\/2025\/12\/astra-2-768x576.jpg 768w, https:\/\/rentado.ro\/wp-content\/uploads\/2025\/12\/astra-2-16x12.jpg 16w, https:\/\/rentado.ro\/wp-content\/uploads\/2025\/12\/astra-2-350x263.jpg 350w, https:\/\/rentado.ro\/wp-content\/uploads\/2025\/12\/astra-2-600x450.jpg 600w, https:\/\/rentado.ro\/wp-content\/uploads\/2025\/12\/astra-2-855x641.jpg 855w, https:\/\/rentado.ro\/wp-content\/uploads\/2025\/12\/astra-2-415x311.jpg 415w, https:\/\/rentado.ro\/wp-content\/uploads\/2025\/12\/astra-2.jpg 1280w\" sizes=\"(max-width: 1024px) 100vw, 1024px\" \/><\/figure>\n\n\n\n<figure class=\"wp-block-image size-large\"><img loading=\"lazy\" decoding=\"async\" width=\"1024\" height=\"768\" data-id=\"5991\" src=\"https:\/\/rentado.ro\/wp-content\/uploads\/2025\/12\/astra-3-1024x768.jpg\" alt=\"\" class=\"wp-image-5991\" srcset=\"https:\/\/rentado.ro\/wp-content\/uploads\/2025\/12\/astra-3-1024x768.jpg 1024w, https:\/\/rentado.ro\/wp-content\/uploads\/2025\/12\/astra-3-300x225.jpg 300w, https:\/\/rentado.ro\/wp-content\/uploads\/2025\/12\/astra-3-768x576.jpg 768w, https:\/\/rentado.ro\/wp-content\/uploads\/2025\/12\/astra-3-16x12.jpg 16w, https:\/\/rentado.ro\/wp-content\/uploads\/2025\/12\/astra-3-350x263.jpg 350w, https:\/\/rentado.ro\/wp-content\/uploads\/2025\/12\/astra-3-600x450.jpg 600w, https:\/\/rentado.ro\/wp-content\/uploads\/2025\/12\/astra-3-855x641.jpg 855w, https:\/\/rentado.ro\/wp-content\/uploads\/2025\/12\/astra-3-415x311.jpg 415w, https:\/\/rentado.ro\/wp-content\/uploads\/2025\/12\/astra-3.jpg 1280w\" sizes=\"(max-width: 1024px) 100vw, 1024px\" \/><\/figure>\n\n\n\n<figure class=\"wp-block-image size-large\"><img loading=\"lazy\" decoding=\"async\" width=\"1024\" height=\"768\" data-id=\"5992\" src=\"https:\/\/rentado.ro\/wp-content\/uploads\/2025\/12\/ford-focus-4-1024x768.jpg\" alt=\"\" class=\"wp-image-5992\" srcset=\"https:\/\/rentado.ro\/wp-content\/uploads\/2025\/12\/ford-focus-4-1024x768.jpg 1024w, https:\/\/rentado.ro\/wp-content\/uploads\/2025\/12\/ford-focus-4-300x225.jpg 300w, https:\/\/rentado.ro\/wp-content\/uploads\/2025\/12\/ford-focus-4-768x576.jpg 768w, https:\/\/rentado.ro\/wp-content\/uploads\/2025\/12\/ford-focus-4-16x12.jpg 16w, https:\/\/rentado.ro\/wp-content\/uploads\/2025\/12\/ford-focus-4-350x263.jpg 350w, https:\/\/rentado.ro\/wp-content\/uploads\/2025\/12\/ford-focus-4-600x450.jpg 600w, https:\/\/rentado.ro\/wp-content\/uploads\/2025\/12\/ford-focus-4-855x641.jpg 855w, https:\/\/rentado.ro\/wp-content\/uploads\/2025\/12\/ford-focus-4-415x311.jpg 415w, https:\/\/rentado.ro\/wp-content\/uploads\/2025\/12\/ford-focus-4.jpg 1280w\" sizes=\"(max-width: 1024px) 100vw, 1024px\" \/><\/figure>\n\n\n\n<figure class=\"wp-block-image size-large\"><img loading=\"lazy\" decoding=\"async\" width=\"1024\" height=\"768\" data-id=\"5993\" src=\"https:\/\/rentado.ro\/wp-content\/uploads\/2025\/12\/ford-focus-1024x768.jpg\" alt=\"\" class=\"wp-image-5993\" srcset=\"https:\/\/rentado.ro\/wp-content\/uploads\/2025\/12\/ford-focus-1024x768.jpg 1024w, https:\/\/rentado.ro\/wp-content\/uploads\/2025\/12\/ford-focus-300x225.jpg 300w, https:\/\/rentado.ro\/wp-content\/uploads\/2025\/12\/ford-focus-768x576.jpg 768w, https:\/\/rentado.ro\/wp-content\/uploads\/2025\/12\/ford-focus-16x12.jpg 16w, https:\/\/rentado.ro\/wp-content\/uploads\/2025\/12\/ford-focus-350x263.jpg 350w, https:\/\/rentado.ro\/wp-content\/uploads\/2025\/12\/ford-focus-600x450.jpg 600w, https:\/\/rentado.ro\/wp-content\/uploads\/2025\/12\/ford-focus-855x641.jpg 855w, https:\/\/rentado.ro\/wp-content\/uploads\/2025\/12\/ford-focus-415x311.jpg 415w, https:\/\/rentado.ro\/wp-content\/uploads\/2025\/12\/ford-focus.jpg 1280w\" sizes=\"(max-width: 1024px) 100vw, 1024px\" \/><\/figure>\n\n\n\n<figure class=\"wp-block-image size-large\"><img loading=\"lazy\" decoding=\"async\" width=\"1024\" height=\"768\" data-id=\"5994\" src=\"https:\/\/rentado.ro\/wp-content\/uploads\/2025\/12\/megane-2-1024x768.jpg\" alt=\"\" class=\"wp-image-5994\" srcset=\"https:\/\/rentado.ro\/wp-content\/uploads\/2025\/12\/megane-2-1024x768.jpg 1024w, https:\/\/rentado.ro\/wp-content\/uploads\/2025\/12\/megane-2-300x225.jpg 300w, https:\/\/rentado.ro\/wp-content\/uploads\/2025\/12\/megane-2-768x576.jpg 768w, https:\/\/rentado.ro\/wp-content\/uploads\/2025\/12\/megane-2-16x12.jpg 16w, https:\/\/rentado.ro\/wp-content\/uploads\/2025\/12\/megane-2-350x263.jpg 350w, https:\/\/rentado.ro\/wp-content\/uploads\/2025\/12\/megane-2-600x450.jpg 600w, https:\/\/rentado.ro\/wp-content\/uploads\/2025\/12\/megane-2-855x641.jpg 855w, https:\/\/rentado.ro\/wp-content\/uploads\/2025\/12\/megane-2-415x311.jpg 415w, https:\/\/rentado.ro\/wp-content\/uploads\/2025\/12\/megane-2.jpg 1200w\" sizes=\"(max-width: 1024px) 100vw, 1024px\" \/><\/figure>\n\n\n\n<figure class=\"wp-block-image size-large\"><img loading=\"lazy\" decoding=\"async\" width=\"1024\" height=\"768\" data-id=\"5995\" src=\"https:\/\/rentado.ro\/wp-content\/uploads\/2025\/12\/megane-4-1024x768.jpg\" alt=\"\" class=\"wp-image-5995\" srcset=\"https:\/\/rentado.ro\/wp-content\/uploads\/2025\/12\/megane-4-1024x768.jpg 1024w, https:\/\/rentado.ro\/wp-content\/uploads\/2025\/12\/megane-4-300x225.jpg 300w, https:\/\/rentado.ro\/wp-content\/uploads\/2025\/12\/megane-4-768x576.jpg 768w, https:\/\/rentado.ro\/wp-content\/uploads\/2025\/12\/megane-4-16x12.jpg 16w, https:\/\/rentado.ro\/wp-content\/uploads\/2025\/12\/megane-4-350x263.jpg 350w, https:\/\/rentado.ro\/wp-content\/uploads\/2025\/12\/megane-4-600x450.jpg 600w, https:\/\/rentado.ro\/wp-content\/uploads\/2025\/12\/megane-4-855x641.jpg 855w, https:\/\/rentado.ro\/wp-content\/uploads\/2025\/12\/megane-4-415x311.jpg 415w, https:\/\/rentado.ro\/wp-content\/uploads\/2025\/12\/megane-4.jpg 1280w\" sizes=\"(max-width: 1024px) 100vw, 1024px\" \/><\/figure>\n\n\n\n<figure class=\"wp-block-image size-large\"><img loading=\"lazy\" decoding=\"async\" width=\"1024\" height=\"768\" data-id=\"5996\" src=\"https:\/\/rentado.ro\/wp-content\/uploads\/2025\/12\/megane-5-1024x768.jpg\" alt=\"\" class=\"wp-image-5996\" srcset=\"https:\/\/rentado.ro\/wp-content\/uploads\/2025\/12\/megane-5-1024x768.jpg 1024w, https:\/\/rentado.ro\/wp-content\/uploads\/2025\/12\/megane-5-300x225.jpg 300w, https:\/\/rentado.ro\/wp-content\/uploads\/2025\/12\/megane-5-768x576.jpg 768w, https:\/\/rentado.ro\/wp-content\/uploads\/2025\/12\/megane-5-16x12.jpg 16w, https:\/\/rentado.ro\/wp-content\/uploads\/2025\/12\/megane-5-350x263.jpg 350w, https:\/\/rentado.ro\/wp-content\/uploads\/2025\/12\/megane-5-600x450.jpg 600w, https:\/\/rentado.ro\/wp-content\/uploads\/2025\/12\/megane-5-855x641.jpg 855w, https:\/\/rentado.ro\/wp-content\/uploads\/2025\/12\/megane-5-415x311.jpg 415w, https:\/\/rentado.ro\/wp-content\/uploads\/2025\/12\/megane-5.jpg 1280w\" sizes=\"(max-width: 1024px) 100vw, 1024px\" \/><\/figure>\n\n\n\n<figure class=\"wp-block-image size-large\"><img loading=\"lazy\" decoding=\"async\" width=\"1024\" height=\"768\" data-id=\"5997\" src=\"https:\/\/rentado.ro\/wp-content\/uploads\/2025\/12\/megane-6-1024x768.jpg\" alt=\"\" class=\"wp-image-5997\" srcset=\"https:\/\/rentado.ro\/wp-content\/uploads\/2025\/12\/megane-6-1024x768.jpg 1024w, https:\/\/rentado.ro\/wp-content\/uploads\/2025\/12\/megane-6-300x225.jpg 300w, https:\/\/rentado.ro\/wp-content\/uploads\/2025\/12\/megane-6-768x576.jpg 768w, https:\/\/rentado.ro\/wp-content\/uploads\/2025\/12\/megane-6-16x12.jpg 16w, https:\/\/rentado.ro\/wp-content\/uploads\/2025\/12\/megane-6-350x263.jpg 350w, https:\/\/rentado.ro\/wp-content\/uploads\/2025\/12\/megane-6-600x450.jpg 600w, https:\/\/rentado.ro\/wp-content\/uploads\/2025\/12\/megane-6-855x641.jpg 855w, https:\/\/rentado.ro\/wp-content\/uploads\/2025\/12\/megane-6-415x311.jpg 415w, https:\/\/rentado.ro\/wp-content\/uploads\/2025\/12\/megane-6.jpg 1280w\" sizes=\"(max-width: 1024px) 100vw, 1024px\" \/><\/figure>\n\n\n\n<figure class=\"wp-block-image size-large\"><img loading=\"lazy\" decoding=\"async\" width=\"1024\" height=\"768\" data-id=\"5998\" src=\"https:\/\/rentado.ro\/wp-content\/uploads\/2025\/12\/megane-1024x768.jpg\" alt=\"\" class=\"wp-image-5998\" srcset=\"https:\/\/rentado.ro\/wp-content\/uploads\/2025\/12\/megane-1024x768.jpg 1024w, https:\/\/rentado.ro\/wp-content\/uploads\/2025\/12\/megane-300x225.jpg 300w, https:\/\/rentado.ro\/wp-content\/uploads\/2025\/12\/megane-768x576.jpg 768w, https:\/\/rentado.ro\/wp-content\/uploads\/2025\/12\/megane-16x12.jpg 16w, https:\/\/rentado.ro\/wp-content\/uploads\/2025\/12\/megane-350x263.jpg 350w, https:\/\/rentado.ro\/wp-content\/uploads\/2025\/12\/megane-600x450.jpg 600w, https:\/\/rentado.ro\/wp-content\/uploads\/2025\/12\/megane-855x641.jpg 855w, https:\/\/rentado.ro\/wp-content\/uploads\/2025\/12\/megane-415x311.jpg 415w, https:\/\/rentado.ro\/wp-content\/uploads\/2025\/12\/megane.jpg 1280w\" sizes=\"(max-width: 1024px) 100vw, 1024px\" \/><\/figure>\n\n\n\n<figure class=\"wp-block-image size-large\"><img loading=\"lazy\" decoding=\"async\" width=\"1024\" height=\"768\" data-id=\"5999\" src=\"https:\/\/rentado.ro\/wp-content\/uploads\/2025\/12\/Volkswagen-Passat-Automata-2-1024x768.jpg\" alt=\"\" class=\"wp-image-5999\" srcset=\"https:\/\/rentado.ro\/wp-content\/uploads\/2025\/12\/Volkswagen-Passat-Automata-2-1024x768.jpg 1024w, https:\/\/rentado.ro\/wp-content\/uploads\/2025\/12\/Volkswagen-Passat-Automata-2-300x225.jpg 300w, https:\/\/rentado.ro\/wp-content\/uploads\/2025\/12\/Volkswagen-Passat-Automata-2-768x576.jpg 768w, https:\/\/rentado.ro\/wp-content\/uploads\/2025\/12\/Volkswagen-Passat-Automata-2-16x12.jpg 16w, https:\/\/rentado.ro\/wp-content\/uploads\/2025\/12\/Volkswagen-Passat-Automata-2-350x263.jpg 350w, https:\/\/rentado.ro\/wp-content\/uploads\/2025\/12\/Volkswagen-Passat-Automata-2-600x450.jpg 600w, https:\/\/rentado.ro\/wp-content\/uploads\/2025\/12\/Volkswagen-Passat-Automata-2-855x641.jpg 855w, https:\/\/rentado.ro\/wp-content\/uploads\/2025\/12\/Volkswagen-Passat-Automata-2-415x311.jpg 415w, https:\/\/rentado.ro\/wp-content\/uploads\/2025\/12\/Volkswagen-Passat-Automata-2.jpg 1280w\" sizes=\"(max-width: 1024px) 100vw, 1024px\" \/><\/figure>\n\n\n\n<figure class=\"wp-block-image size-large\"><img loading=\"lazy\" decoding=\"async\" width=\"1024\" height=\"768\" data-id=\"6000\" src=\"https:\/\/rentado.ro\/wp-content\/uploads\/2025\/12\/Volkswagen-Passat-Automata-4-1024x768.jpg\" alt=\"\" class=\"wp-image-6000\" srcset=\"https:\/\/rentado.ro\/wp-content\/uploads\/2025\/12\/Volkswagen-Passat-Automata-4-1024x768.jpg 1024w, https:\/\/rentado.ro\/wp-content\/uploads\/2025\/12\/Volkswagen-Passat-Automata-4-300x225.jpg 300w, https:\/\/rentado.ro\/wp-content\/uploads\/2025\/12\/Volkswagen-Passat-Automata-4-768x576.jpg 768w, https:\/\/rentado.ro\/wp-content\/uploads\/2025\/12\/Volkswagen-Passat-Automata-4-16x12.jpg 16w, https:\/\/rentado.ro\/wp-content\/uploads\/2025\/12\/Volkswagen-Passat-Automata-4-350x263.jpg 350w, https:\/\/rentado.ro\/wp-content\/uploads\/2025\/12\/Volkswagen-Passat-Automata-4-600x450.jpg 600w, https:\/\/rentado.ro\/wp-content\/uploads\/2025\/12\/Volkswagen-Passat-Automata-4-855x641.jpg 855w, https:\/\/rentado.ro\/wp-content\/uploads\/2025\/12\/Volkswagen-Passat-Automata-4-415x311.jpg 415w, https:\/\/rentado.ro\/wp-content\/uploads\/2025\/12\/Volkswagen-Passat-Automata-4.jpg 1280w\" sizes=\"(max-width: 1024px) 100vw, 1024px\" \/><\/figure>\n\n\n\n<figure class=\"wp-block-image size-large\"><img loading=\"lazy\" decoding=\"async\" width=\"1024\" height=\"768\" data-id=\"6001\" src=\"https:\/\/rentado.ro\/wp-content\/uploads\/2025\/12\/Volkswagen-Passat-Automata-5-1024x768.jpg\" alt=\"\" class=\"wp-image-6001\" srcset=\"https:\/\/rentado.ro\/wp-content\/uploads\/2025\/12\/Volkswagen-Passat-Automata-5-1024x768.jpg 1024w, https:\/\/rentado.ro\/wp-content\/uploads\/2025\/12\/Volkswagen-Passat-Automata-5-300x225.jpg 300w, https:\/\/rentado.ro\/wp-content\/uploads\/2025\/12\/Volkswagen-Passat-Automata-5-768x576.jpg 768w, https:\/\/rentado.ro\/wp-content\/uploads\/2025\/12\/Volkswagen-Passat-Automata-5-16x12.jpg 16w, https:\/\/rentado.ro\/wp-content\/uploads\/2025\/12\/Volkswagen-Passat-Automata-5-350x263.jpg 350w, https:\/\/rentado.ro\/wp-content\/uploads\/2025\/12\/Volkswagen-Passat-Automata-5-600x450.jpg 600w, https:\/\/rentado.ro\/wp-content\/uploads\/2025\/12\/Volkswagen-Passat-Automata-5-855x641.jpg 855w, https:\/\/rentado.ro\/wp-content\/uploads\/2025\/12\/Volkswagen-Passat-Automata-5-415x311.jpg 415w, https:\/\/rentado.ro\/wp-content\/uploads\/2025\/12\/Volkswagen-Passat-Automata-5.jpg 1280w\" sizes=\"(max-width: 1024px) 100vw, 1024px\" \/><\/figure>\n\n\n\n<figure class=\"wp-block-image size-large\"><img loading=\"lazy\" decoding=\"async\" width=\"1024\" height=\"768\" data-id=\"6002\" src=\"https:\/\/rentado.ro\/wp-content\/uploads\/2025\/12\/Volkswagen-Passat-Automata-7-1024x768.jpg\" alt=\"\" class=\"wp-image-6002\" srcset=\"https:\/\/rentado.ro\/wp-content\/uploads\/2025\/12\/Volkswagen-Passat-Automata-7-1024x768.jpg 1024w, https:\/\/rentado.ro\/wp-content\/uploads\/2025\/12\/Volkswagen-Passat-Automata-7-300x225.jpg 300w, https:\/\/rentado.ro\/wp-content\/uploads\/2025\/12\/Volkswagen-Passat-Automata-7-768x576.jpg 768w, https:\/\/rentado.ro\/wp-content\/uploads\/2025\/12\/Volkswagen-Passat-Automata-7-16x12.jpg 16w, https:\/\/rentado.ro\/wp-content\/uploads\/2025\/12\/Volkswagen-Passat-Automata-7-350x263.jpg 350w, https:\/\/rentado.ro\/wp-content\/uploads\/2025\/12\/Volkswagen-Passat-Automata-7-600x450.jpg 600w, https:\/\/rentado.ro\/wp-content\/uploads\/2025\/12\/Volkswagen-Passat-Automata-7-855x641.jpg 855w, https:\/\/rentado.ro\/wp-content\/uploads\/2025\/12\/Volkswagen-Passat-Automata-7-415x311.jpg 415w, https:\/\/rentado.ro\/wp-content\/uploads\/2025\/12\/Volkswagen-Passat-Automata-7.jpg 1280w\" sizes=\"(max-width: 1024px) 100vw, 1024px\" \/><\/figure>\n\n\n\n<figure class=\"wp-block-image size-large\"><img loading=\"lazy\" decoding=\"async\" width=\"1024\" height=\"768\" data-id=\"6003\" src=\"https:\/\/rentado.ro\/wp-content\/uploads\/2025\/12\/vw-golf-1024x768.jpg\" alt=\"\" class=\"wp-image-6003\" srcset=\"https:\/\/rentado.ro\/wp-content\/uploads\/2025\/12\/vw-golf-1024x768.jpg 1024w, https:\/\/rentado.ro\/wp-content\/uploads\/2025\/12\/vw-golf-300x225.jpg 300w, https:\/\/rentado.ro\/wp-content\/uploads\/2025\/12\/vw-golf-768x576.jpg 768w, https:\/\/rentado.ro\/wp-content\/uploads\/2025\/12\/vw-golf-16x12.jpg 16w, https:\/\/rentado.ro\/wp-content\/uploads\/2025\/12\/vw-golf-350x263.jpg 350w, https:\/\/rentado.ro\/wp-content\/uploads\/2025\/12\/vw-golf-600x450.jpg 600w, https:\/\/rentado.ro\/wp-content\/uploads\/2025\/12\/vw-golf-855x641.jpg 855w, https:\/\/rentado.ro\/wp-content\/uploads\/2025\/12\/vw-golf-415x311.jpg 415w, https:\/\/rentado.ro\/wp-content\/uploads\/2025\/12\/vw-golf.jpg 1280w\" sizes=\"(max-width: 1024px) 100vw, 1024px\" \/><\/figure>\n\n\n\n<figure class=\"wp-block-image size-large\"><img loading=\"lazy\" decoding=\"async\" width=\"1024\" height=\"768\" data-id=\"6004\" src=\"https:\/\/rentado.ro\/wp-content\/uploads\/2025\/12\/vw-golf4-1024x768.jpg\" alt=\"\" class=\"wp-image-6004\" srcset=\"https:\/\/rentado.ro\/wp-content\/uploads\/2025\/12\/vw-golf4-1024x768.jpg 1024w, https:\/\/rentado.ro\/wp-content\/uploads\/2025\/12\/vw-golf4-300x225.jpg 300w, https:\/\/rentado.ro\/wp-content\/uploads\/2025\/12\/vw-golf4-768x576.jpg 768w, https:\/\/rentado.ro\/wp-content\/uploads\/2025\/12\/vw-golf4-16x12.jpg 16w, https:\/\/rentado.ro\/wp-content\/uploads\/2025\/12\/vw-golf4-350x263.jpg 350w, https:\/\/rentado.ro\/wp-content\/uploads\/2025\/12\/vw-golf4-600x450.jpg 600w, https:\/\/rentado.ro\/wp-content\/uploads\/2025\/12\/vw-golf4-855x641.jpg 855w, https:\/\/rentado.ro\/wp-content\/uploads\/2025\/12\/vw-golf4-415x311.jpg 415w, https:\/\/rentado.ro\/wp-content\/uploads\/2025\/12\/vw-golf4.jpg 1280w\" sizes=\"(max-width: 1024px) 100vw, 1024px\" \/><\/figure>\n\n\n\n<figure class=\"wp-block-image size-large\"><img loading=\"lazy\" decoding=\"async\" width=\"1024\" height=\"768\" data-id=\"6005\" src=\"https:\/\/rentado.ro\/wp-content\/uploads\/2025\/12\/WhatsApp_Image_2025-10-31_at_12.51.37_immtze-1024x768.jpg\" alt=\"\" class=\"wp-image-6005\" srcset=\"https:\/\/rentado.ro\/wp-content\/uploads\/2025\/12\/WhatsApp_Image_2025-10-31_at_12.51.37_immtze-1024x768.jpg 1024w, https:\/\/rentado.ro\/wp-content\/uploads\/2025\/12\/WhatsApp_Image_2025-10-31_at_12.51.37_immtze-300x225.jpg 300w, https:\/\/rentado.ro\/wp-content\/uploads\/2025\/12\/WhatsApp_Image_2025-10-31_at_12.51.37_immtze-768x576.jpg 768w, https:\/\/rentado.ro\/wp-content\/uploads\/2025\/12\/WhatsApp_Image_2025-10-31_at_12.51.37_immtze-16x12.jpg 16w, https:\/\/rentado.ro\/wp-content\/uploads\/2025\/12\/WhatsApp_Image_2025-10-31_at_12.51.37_immtze-350x263.jpg 350w, https:\/\/rentado.ro\/wp-content\/uploads\/2025\/12\/WhatsApp_Image_2025-10-31_at_12.51.37_immtze-600x450.jpg 600w, https:\/\/rentado.ro\/wp-content\/uploads\/2025\/12\/WhatsApp_Image_2025-10-31_at_12.51.37_immtze-855x641.jpg 855w, https:\/\/rentado.ro\/wp-content\/uploads\/2025\/12\/WhatsApp_Image_2025-10-31_at_12.51.37_immtze-415x311.jpg 415w, https:\/\/rentado.ro\/wp-content\/uploads\/2025\/12\/WhatsApp_Image_2025-10-31_at_12.51.37_immtze.jpg 1280w\" sizes=\"(max-width: 1024px) 100vw, 1024px\" \/><\/figure>\n\n\n\n<figure class=\"wp-block-image size-large\"><img loading=\"lazy\" decoding=\"async\" width=\"1024\" height=\"768\" data-id=\"6006\" src=\"https:\/\/rentado.ro\/wp-content\/uploads\/2025\/12\/WhatsApp_Image_2025-10-31_at_12.51.38_oivuqh-1024x768.jpg\" alt=\"\" class=\"wp-image-6006\" srcset=\"https:\/\/rentado.ro\/wp-content\/uploads\/2025\/12\/WhatsApp_Image_2025-10-31_at_12.51.38_oivuqh-1024x768.jpg 1024w, https:\/\/rentado.ro\/wp-content\/uploads\/2025\/12\/WhatsApp_Image_2025-10-31_at_12.51.38_oivuqh-300x225.jpg 300w, https:\/\/rentado.ro\/wp-content\/uploads\/2025\/12\/WhatsApp_Image_2025-10-31_at_12.51.38_oivuqh-768x576.jpg 768w, https:\/\/rentado.ro\/wp-content\/uploads\/2025\/12\/WhatsApp_Image_2025-10-31_at_12.51.38_oivuqh-16x12.jpg 16w, https:\/\/rentado.ro\/wp-content\/uploads\/2025\/12\/WhatsApp_Image_2025-10-31_at_12.51.38_oivuqh-350x263.jpg 350w, https:\/\/rentado.ro\/wp-content\/uploads\/2025\/12\/WhatsApp_Image_2025-10-31_at_12.51.38_oivuqh-600x450.jpg 600w, https:\/\/rentado.ro\/wp-content\/uploads\/2025\/12\/WhatsApp_Image_2025-10-31_at_12.51.38_oivuqh-855x641.jpg 855w, https:\/\/rentado.ro\/wp-content\/uploads\/2025\/12\/WhatsApp_Image_2025-10-31_at_12.51.38_oivuqh-415x311.jpg 415w, https:\/\/rentado.ro\/wp-content\/uploads\/2025\/12\/WhatsApp_Image_2025-10-31_at_12.51.38_oivuqh.jpg 1280w\" sizes=\"(max-width: 1024px) 100vw, 1024px\" \/><\/figure>\n\n\n\n<figure class=\"wp-block-image size-large\"><img loading=\"lazy\" decoding=\"async\" width=\"1024\" height=\"768\" data-id=\"6007\" src=\"https:\/\/rentado.ro\/wp-content\/uploads\/2025\/12\/WhatsApp_Image_2025-10-31_at_12.51.39_1_rvqlkk-1024x768.jpg\" alt=\"\" class=\"wp-image-6007\" srcset=\"https:\/\/rentado.ro\/wp-content\/uploads\/2025\/12\/WhatsApp_Image_2025-10-31_at_12.51.39_1_rvqlkk-1024x768.jpg 1024w, https:\/\/rentado.ro\/wp-content\/uploads\/2025\/12\/WhatsApp_Image_2025-10-31_at_12.51.39_1_rvqlkk-300x225.jpg 300w, https:\/\/rentado.ro\/wp-content\/uploads\/2025\/12\/WhatsApp_Image_2025-10-31_at_12.51.39_1_rvqlkk-768x576.jpg 768w, https:\/\/rentado.ro\/wp-content\/uploads\/2025\/12\/WhatsApp_Image_2025-10-31_at_12.51.39_1_rvqlkk-16x12.jpg 16w, https:\/\/rentado.ro\/wp-content\/uploads\/2025\/12\/WhatsApp_Image_2025-10-31_at_12.51.39_1_rvqlkk-350x263.jpg 350w, https:\/\/rentado.ro\/wp-content\/uploads\/2025\/12\/WhatsApp_Image_2025-10-31_at_12.51.39_1_rvqlkk-600x450.jpg 600w, https:\/\/rentado.ro\/wp-content\/uploads\/2025\/12\/WhatsApp_Image_2025-10-31_at_12.51.39_1_rvqlkk-855x641.jpg 855w, https:\/\/rentado.ro\/wp-content\/uploads\/2025\/12\/WhatsApp_Image_2025-10-31_at_12.51.39_1_rvqlkk-415x311.jpg 415w, https:\/\/rentado.ro\/wp-content\/uploads\/2025\/12\/WhatsApp_Image_2025-10-31_at_12.51.39_1_rvqlkk.jpg 1280w\" sizes=\"(max-width: 1024px) 100vw, 1024px\" \/><\/figure>\n<\/figure>\n\n\n\n<h2 class=\"wp-block-heading\"><strong>What conditions do you have to meet to rent a car?<\/strong><\/h2>\n\n\n\n<p>Contrary to myths, you don't need a credit card or a long driving record. The procedure at Rentado is extremely friendly and affordable.<\/p>\n\n\n\n<h3 class=\"wp-block-heading\"><strong>Minimum conditions:<\/strong><\/h3>\n\n\n\n<ul class=\"wp-block-list\">\n<li>minimum age: <strong>21 years<\/strong><\/li>\n\n\n\n<li>valid driver's license from <strong>minimum 1 year<\/strong><\/li>\n\n\n\n<li>identity card or passport<\/li>\n\n\n\n<li>signing the contract (takes 2-3 minutes)<\/li>\n<\/ul>\n\n\n\n<p>That's it - no hassle, no unnecessary documentation.<\/p>\n\n\n\n<h2 class=\"wp-block-heading\"><strong>What are the risks and what happens if you hit the car?<\/strong><\/h2>\n\n\n\n<p>For a beginner, the main question is: <em>\u201eIf something happens, who pays?\u201d<\/em><br>Fear is normal, but often unjustified. FULL CASCO insurance covers most situations and the procedure is clear and simple.<\/p>\n\n\n\n<h3 class=\"wp-block-heading\"><strong>If you have a minor incident (scratch, minor bump):<\/strong><\/h3>\n\n\n\n<ul class=\"wp-block-list\">\n<li>Call Rentado immediately (NON STOP)<\/li>\n\n\n\n<li>Report the incident to the police in <strong>maximum 24 hours<\/strong><\/li>\n\n\n\n<li>Get step-by-step instructions<\/li>\n\n\n\n<li>After the declaration, you can continue your journey without any problems<\/li>\n<\/ul>\n\n\n\n<h3 class=\"wp-block-heading\"><strong>If the accident is more serious:<\/strong><\/h3>\n\n\n\n<ul class=\"wp-block-list\">\n<li>Stop the vehicle<\/li>\n\n\n\n<li>Call the police and Rentado<\/li>\n\n\n\n<li>On-the-spot verification<\/li>\n\n\n\n<li>The company provides support and helps you continue your journey (subject to availability)<\/li>\n<\/ul>\n\n\n\n<p>In practice, most incidents are minor. The important thing is to notify the company immediately - the rest is quickly resolved.<\/p>\n\n\n\n<figure class=\"wp-block-embed is-type-video is-provider-tiktok wp-block-embed-tiktok\"><div class=\"wp-block-embed__wrapper\">\n<blockquote class=\"tiktok-embed\" cite=\"https:\/\/www.tiktok.com\/@rentadoromania\/video\/7577789102137806102\" data-video-id=\"7577789102137806102\" data-embed-from=\"oembed\" style=\"max-width:605px; min-width:325px;\"> <section> <a target=\"_blank\" title=\"@rentadoromania\" href=\"https:\/\/www.tiktok.com\/@rentadoromania?refer=embed\">@rentadoromania<\/a> <p>Maybe you need the holidays \ud83c\udf84<a title=\"pentrutine\" target=\"_blank\" href=\"https:\/\/www.tiktok.com\/tag\/pentrutine?refer=embed\">#pentrutine<\/a> <a title=\"rented cars\" target=\"_blank\" href=\"https:\/\/www.tiktok.com\/tag\/masinideinchiriat?refer=embed\">#masinideinchiriat<\/a> <a title=\"car rental\" target=\"_blank\" href=\"https:\/\/www.tiktok.com\/tag\/inchirieremasini?refer=embed\">1TP5MiniTinchangers<\/a> <a title=\"car rental\" target=\"_blank\" href=\"https:\/\/www.tiktok.com\/tag\/inchirieriauto?refer=embed\">#inchirieriauto<\/a> <a title=\"carrental\" target=\"_blank\" href=\"https:\/\/www.tiktok.com\/tag\/carrental?refer=embed\">#carrental<\/a> <a title=\"rentacar\" target=\"_blank\" href=\"https:\/\/www.tiktok.com\/tag\/rentacar?refer=embed\">#rentacar<\/a> <a title=\"rented cars\" target=\"_blank\" href=\"https:\/\/www.tiktok.com\/tag\/masinideinchiriat?refer=embed\">#MLeasedHomes<\/a> <a title=\"nonstop\" target=\"_blank\" href=\"https:\/\/www.tiktok.com\/tag\/nonstop?refer=embed\">#nonstop<\/a> <a title=\"car rental\" target=\"_blank\" href=\"https:\/\/www.tiktok.com\/tag\/inchiriereauto?refer=embed\">1TP5Automotive locker<\/a> <\/p> <a target=\"_blank\" title=\"\u266c original sound - rentadorentacarotopeni\" href=\"https:\/\/www.tiktok.com\/music\/sunet-original-7577789092902030083?refer=embed\">\u266c original sound - rentadorentacarotopeni<\/a> <\/section> <\/blockquote> <script async src=\"https:\/\/www.tiktok.com\/embed.js\"><\/script>\n<\/div><\/figure>\n\n\n\n<h2 class=\"wp-block-heading\"><strong>What happens if I'm late in delivering my car?<\/strong><\/h2>\n\n\n\n<p>One of the biggest anxieties for first-time renters is the fear of not arriving \u201eon time\u201d with the car. In many countries, being just 30 minutes late can mean paying for a full day.<\/p>\n\n\n\n<p>At Rentado, politics is designed for real people in real situations:<\/p>\n\n\n\n<h3 class=\"wp-block-heading\"><strong>You have up to 6 hours delay at NO EXTRA COST.<\/strong><\/h3>\n\n\n\n<p>It is one of the most flexible policies in the Romanian rent a car industry. If the delay exceeds 6 hours, an extra day is applied - simple and fair.<\/p>\n\n\n\n<h2 class=\"wp-block-heading\"><strong>NON STOP availability - a detail that changes everything<\/strong><\/h2>\n\n\n\n<p>Whatever the situation - a breakdown, an accident, a question or concern - you always have someone to call. Rentado not only works in the office, but <strong>24\/7<\/strong>, by:<\/p>\n\n\n\n<ul class=\"wp-block-list\">\n<li>\ud83d\udcde <strong>Phone \/ WhatsApp: 0750 442 442 947<\/strong><\/li>\n\n\n\n<li>\ud83d\udce9 <strong>Email: <a>office@rentado.ro<\/a><\/strong><\/li>\n<\/ul>\n\n\n\n<p>Especially for Romanians who land at night, this makes the difference between a mandatory service and a real travel partner.<\/p>\n\n\n\n<h2 class=\"wp-block-heading\"><strong>Car rental in Bucharest isn't complicated - it's just not explained enough<\/strong><\/h2>\n\n\n\n<p>When you have the right information and choose a reputable company, the experience is simple, fast and secure. Rentado has managed to offer a modern, affordable and beginner-friendly model of mobility, turning a service once considered difficult into a completely stress-free experience.<\/p>\n\n\n\n<p>Whether you're coming home for the holidays, traveling across the country or simply need a car in Bucharest, car rental has become one of the most convenient solutions available. All you have to do is make the right choice - and from there, the journey becomes surprisingly easy.<\/p>","protected":false},"excerpt":{"rendered":"<p>Ce riscuri exist\u0103, cum func\u021bioneaz\u0103 serviciile moderne de rent a car \u0219i de ce companii precum Rentado au devenit prima op\u021biune pentru rom\u00e2nii care ajung \u00een Bucure\u0219ti. \u00cen ultimii ani, \u00eenchirierea auto \u00een Bucure\u0219ti a devenit una dintre cele mai populare solu\u021bii pentru turi\u0219ti, rom\u00e2nii din diaspora \u0219i cei care au nevoie rapid de un [&hellip;]<\/p>\n","protected":false},"author":2,"featured_media":6008,"comment_status":"open","ping_status":"open","sticky":false,"template":"","format":"standard","meta":{"footnotes":""},"categories":[128,264],"tags":[80,75,79,76,77,82,83],"class_list":["post-5985","post","type-post","status-publish","format-standard","has-post-thumbnail","hentry","category-inchiriere-auto-aeroport-otopeni","category-inchiriere-auto-bucuresti-romania","tag-cea-mai-buna-firma-de-inchirieri-auto-bucuresti","tag-inchiriere-auto","tag-inchiriere-auto-bucuresti","tag-inchiriere-auto-la-aeroport-otopeni","tag-inchiriere-auto-pentru-romanii-din-diaspora","tag-rent-a-car-bucuresti","tag-rent-a-car-bucuresti-2"],"yoast_head":"<!-- This site is optimized with the Yoast SEO plugin v27.1.1 - https:\/\/yoast.com\/product\/yoast-seo-wordpress\/ -->\n<title>Ghid inchiriere auto in Bucuresti<\/title>\n<meta name=\"description\" content=\"Tot ce trebuie s\u0103 \u0219tii despre \u00eenchirierea auto \u00een Bucure\u0219ti: un ghid complet pentru \u00eencep\u0103tori - Rentado - Inchirieri Auto Otopeni NON STOP, fara garantie!\" \/>\n<meta name=\"robots\" content=\"index, follow, max-snippet:-1, max-image-preview:large, max-video-preview:-1\" \/>\n<link rel=\"canonical\" href=\"https:\/\/rentado.ro\/en\/car-rental-guide-bucuresti\/\" \/>\n<meta property=\"og:locale\" content=\"en_US\" \/>\n<meta property=\"og:type\" content=\"article\" \/>\n<meta property=\"og:title\" content=\"Ghid inchiriere auto in Bucuresti\" \/>\n<meta property=\"og:description\" content=\"Tot ce trebuie s\u0103 \u0219tii despre \u00eenchirierea auto \u00een Bucure\u0219ti: un ghid complet pentru \u00eencep\u0103tori - Rentado - Inchirieri Auto Otopeni NON STOP, fara garantie!\" \/>\n<meta property=\"og:url\" content=\"https:\/\/rentado.ro\/en\/car-rental-guide-bucuresti\/\" \/>\n<meta property=\"og:site_name\" content=\"Rentado - Inchirieri Auto Otopeni\" \/>\n<meta property=\"article:published_time\" content=\"2025-12-03T13:52:40+00:00\" \/>\n<meta property=\"article:modified_time\" content=\"2025-12-03T14:07:08+00:00\" \/>\n<meta property=\"og:image\" content=\"https:\/\/rentado.ro\/wp-content\/uploads\/2025\/12\/inchiriere-auto-in-Bucuresti-1024x683.png\" \/>\n\t<meta property=\"og:image:width\" content=\"1024\" \/>\n\t<meta property=\"og:image:height\" content=\"683\" \/>\n\t<meta property=\"og:image:type\" content=\"image\/png\" \/>\n<meta name=\"author\" content=\"Dosinescu Ioana\" \/>\n<meta name=\"twitter:card\" content=\"summary_large_image\" \/>\n<meta name=\"twitter:label1\" content=\"Written by\" \/>\n\t<meta name=\"twitter:data1\" content=\"Dosinescu Ioana\" \/>\n\t<meta name=\"twitter:label2\" content=\"Est. reading time\" \/>\n\t<meta name=\"twitter:data2\" content=\"10 minutes\" \/>\n<script type=\"application\/ld+json\" class=\"yoast-schema-graph\">{\"@context\":\"https:\/\/schema.org\",\"@graph\":[{\"@type\":\"Article\",\"@id\":\"https:\/\/rentado.ro\/it\/ghid-inchiriere-auto-bucuresti\/#article\",\"isPartOf\":{\"@id\":\"https:\/\/rentado.ro\/it\/ghid-inchiriere-auto-bucuresti\/\"},\"author\":{\"name\":\"Dosinescu Ioana\",\"@id\":\"https:\/\/rentado.ro\/#\/schema\/person\/fd082d67790137b4fc2a7a6de2926533\"},\"headline\":\"Tot ce trebuie s\u0103 \u0219tii despre \u00eenchirierea auto \u00een Bucure\u0219ti: un ghid complet pentru \u00eencep\u0103tori\",\"datePublished\":\"2025-12-03T13:52:40+00:00\",\"dateModified\":\"2025-12-03T14:07:08+00:00\",\"mainEntityOfPage\":{\"@id\":\"https:\/\/rentado.ro\/it\/ghid-inchiriere-auto-bucuresti\/\"},\"wordCount\":1015,\"commentCount\":0,\"publisher\":{\"@id\":\"https:\/\/rentado.ro\/#organization\"},\"image\":{\"@id\":\"https:\/\/rentado.ro\/it\/ghid-inchiriere-auto-bucuresti\/#primaryimage\"},\"thumbnailUrl\":\"https:\/\/rentado.ro\/wp-content\/uploads\/2025\/12\/inchiriere-auto-in-Bucuresti-scaled.png\",\"keywords\":[\"cea mai buna firma de inchirieri auto bucuresti\",\"inchiriere auto\",\"inchiriere auto bucuresti\",\"inchiriere auto la aeroport otopeni\",\"inchiriere auto pentru romanii din diaspora\",\"rent a car bucuresti\",\"Rent a Car Bucure\u0219ti\"],\"articleSection\":[\"Inchiriere auto Aeroport Otopeni\",\"Inchiriere auto Bucuresti Romania\"],\"inLanguage\":\"en-US\",\"potentialAction\":[{\"@type\":\"CommentAction\",\"name\":\"Comment\",\"target\":[\"https:\/\/rentado.ro\/it\/ghid-inchiriere-auto-bucuresti\/#respond\"]}]},{\"@type\":\"WebPage\",\"@id\":\"https:\/\/rentado.ro\/it\/ghid-inchiriere-auto-bucuresti\/\",\"url\":\"https:\/\/rentado.ro\/it\/ghid-inchiriere-auto-bucuresti\/\",\"name\":\"Ghid inchiriere auto in Bucuresti\",\"isPartOf\":{\"@id\":\"https:\/\/rentado.ro\/#website\"},\"primaryImageOfPage\":{\"@id\":\"https:\/\/rentado.ro\/it\/ghid-inchiriere-auto-bucuresti\/#primaryimage\"},\"image\":{\"@id\":\"https:\/\/rentado.ro\/it\/ghid-inchiriere-auto-bucuresti\/#primaryimage\"},\"thumbnailUrl\":\"https:\/\/rentado.ro\/wp-content\/uploads\/2025\/12\/inchiriere-auto-in-Bucuresti-scaled.png\",\"datePublished\":\"2025-12-03T13:52:40+00:00\",\"dateModified\":\"2025-12-03T14:07:08+00:00\",\"description\":\"Tot ce trebuie s\u0103 \u0219tii despre \u00eenchirierea auto \u00een Bucure\u0219ti: un ghid complet pentru \u00eencep\u0103tori - Rentado - Inchirieri Auto Otopeni NON STOP, fara garantie!\",\"breadcrumb\":{\"@id\":\"https:\/\/rentado.ro\/it\/ghid-inchiriere-auto-bucuresti\/#breadcrumb\"},\"inLanguage\":\"en-US\",\"potentialAction\":[{\"@type\":\"ReadAction\",\"target\":[\"https:\/\/rentado.ro\/it\/ghid-inchiriere-auto-bucuresti\/\"]}]},{\"@type\":\"ImageObject\",\"inLanguage\":\"en-US\",\"@id\":\"https:\/\/rentado.ro\/it\/ghid-inchiriere-auto-bucuresti\/#primaryimage\",\"url\":\"https:\/\/rentado.ro\/wp-content\/uploads\/2025\/12\/inchiriere-auto-in-Bucuresti-scaled.png\",\"contentUrl\":\"https:\/\/rentado.ro\/wp-content\/uploads\/2025\/12\/inchiriere-auto-in-Bucuresti-scaled.png\",\"width\":2560,\"height\":1707,\"caption\":\"inchiriere auto in Bucuresti, un ghid complet pentru \u00eencep\u0103tori\"},{\"@type\":\"BreadcrumbList\",\"@id\":\"https:\/\/rentado.ro\/it\/ghid-inchiriere-auto-bucuresti\/#breadcrumb\",\"itemListElement\":[{\"@type\":\"ListItem\",\"position\":1,\"name\":\"Prima pagin\u0103\",\"item\":\"https:\/\/rentado.ro\/\"},{\"@type\":\"ListItem\",\"position\":2,\"name\":\"Tot ce trebuie s\u0103 \u0219tii despre \u00eenchirierea auto \u00een Bucure\u0219ti: un ghid complet pentru \u00eencep\u0103tori\"}]},{\"@type\":\"WebSite\",\"@id\":\"https:\/\/rentado.ro\/#website\",\"url\":\"https:\/\/rentado.ro\/\",\"name\":\"Rentado - Inchirieri Auto Otopeni\",\"description\":\"Your Mobility Partner\",\"publisher\":{\"@id\":\"https:\/\/rentado.ro\/#organization\"},\"alternateName\":\"Inchirieri masini Otopeni\",\"potentialAction\":[{\"@type\":\"SearchAction\",\"target\":{\"@type\":\"EntryPoint\",\"urlTemplate\":\"https:\/\/rentado.ro\/?s={search_term_string}\"},\"query-input\":{\"@type\":\"PropertyValueSpecification\",\"valueRequired\":true,\"valueName\":\"search_term_string\"}}],\"inLanguage\":\"en-US\"},{\"@type\":\"Organization\",\"@id\":\"https:\/\/rentado.ro\/#organization\",\"name\":\"TTR MOBILITY NETWORK SRL\",\"alternateName\":\"Rentado\",\"url\":\"https:\/\/rentado.ro\/\",\"logo\":{\"@type\":\"ImageObject\",\"inLanguage\":\"en-US\",\"@id\":\"https:\/\/rentado.ro\/#\/schema\/logo\/image\/\",\"url\":\"https:\/\/rentado.ro\/wp-content\/uploads\/2024\/04\/rentado-686.png\",\"contentUrl\":\"https:\/\/rentado.ro\/wp-content\/uploads\/2024\/04\/rentado-686.png\",\"width\":696,\"height\":696,\"caption\":\"TTR MOBILITY NETWORK SRL\"},\"image\":{\"@id\":\"https:\/\/rentado.ro\/#\/schema\/logo\/image\/\"}},{\"@type\":\"Person\",\"@id\":\"https:\/\/rentado.ro\/#\/schema\/person\/fd082d67790137b4fc2a7a6de2926533\",\"name\":\"Dosinescu Ioana\",\"image\":{\"@type\":\"ImageObject\",\"inLanguage\":\"en-US\",\"@id\":\"https:\/\/rentado.ro\/#\/schema\/person\/image\/\",\"url\":\"https:\/\/rentado.ro\/wp-content\/litespeed\/avatar\/4b725e7fd2fe470b2e00a74b87e2f04c.jpg?ver=1777442678\",\"contentUrl\":\"https:\/\/rentado.ro\/wp-content\/litespeed\/avatar\/4b725e7fd2fe470b2e00a74b87e2f04c.jpg?ver=1777442678\",\"caption\":\"Dosinescu Ioana\"},\"url\":\"https:\/\/rentado.ro\/en\/author\/ioana\/\"}]}<\/script>\n<!-- \/ Yoast SEO plugin. -->","yoast_head_json":{"title":"Bucharest Car Rental Guide","description":"Everything you need to know about car rental in Bucharest: a complete guide for beginners - Rentado - Inchirieri Auto Otopeni NON STOP, fara garanzia!","robots":{"index":"index","follow":"follow","max-snippet":"max-snippet:-1","max-image-preview":"max-image-preview:large","max-video-preview":"max-video-preview:-1"},"canonical":"https:\/\/rentado.ro\/en\/car-rental-guide-bucuresti\/","og_locale":"en_US","og_type":"article","og_title":"Ghid inchiriere auto in Bucuresti","og_description":"Tot ce trebuie s\u0103 \u0219tii despre \u00eenchirierea auto \u00een Bucure\u0219ti: un ghid complet pentru \u00eencep\u0103tori - Rentado - Inchirieri Auto Otopeni NON STOP, fara garantie!","og_url":"https:\/\/rentado.ro\/en\/car-rental-guide-bucuresti\/","og_site_name":"Rentado - Inchirieri Auto Otopeni","article_published_time":"2025-12-03T13:52:40+00:00","article_modified_time":"2025-12-03T14:07:08+00:00","og_image":[{"width":1024,"height":683,"url":"https:\/\/rentado.ro\/wp-content\/uploads\/2025\/12\/inchiriere-auto-in-Bucuresti-1024x683.png","type":"image\/png"}],"author":"Dosinescu Ioana","twitter_card":"summary_large_image","twitter_misc":{"Written by":"Dosinescu Ioana","Est. reading time":"10 minutes"},"schema":{"@context":"https:\/\/schema.org","@graph":[{"@type":"Article","@id":"https:\/\/rentado.ro\/it\/ghid-inchiriere-auto-bucuresti\/#article","isPartOf":{"@id":"https:\/\/rentado.ro\/it\/ghid-inchiriere-auto-bucuresti\/"},"author":{"name":"Dosinescu Ioana","@id":"https:\/\/rentado.ro\/#\/schema\/person\/fd082d67790137b4fc2a7a6de2926533"},"headline":"Tot ce trebuie s\u0103 \u0219tii despre \u00eenchirierea auto \u00een Bucure\u0219ti: un ghid complet pentru \u00eencep\u0103tori","datePublished":"2025-12-03T13:52:40+00:00","dateModified":"2025-12-03T14:07:08+00:00","mainEntityOfPage":{"@id":"https:\/\/rentado.ro\/it\/ghid-inchiriere-auto-bucuresti\/"},"wordCount":1015,"commentCount":0,"publisher":{"@id":"https:\/\/rentado.ro\/#organization"},"image":{"@id":"https:\/\/rentado.ro\/it\/ghid-inchiriere-auto-bucuresti\/#primaryimage"},"thumbnailUrl":"https:\/\/rentado.ro\/wp-content\/uploads\/2025\/12\/inchiriere-auto-in-Bucuresti-scaled.png","keywords":["cea mai buna firma de inchirieri auto bucuresti","inchiriere auto","inchiriere auto bucuresti","inchiriere auto la aeroport otopeni","inchiriere auto pentru romanii din diaspora","rent a car bucuresti","Rent a Car Bucure\u0219ti"],"articleSection":["Inchiriere auto Aeroport Otopeni","Inchiriere auto Bucuresti Romania"],"inLanguage":"en-US","potentialAction":[{"@type":"CommentAction","name":"Comment","target":["https:\/\/rentado.ro\/it\/ghid-inchiriere-auto-bucuresti\/#respond"]}]},{"@type":"WebPage","@id":"https:\/\/rentado.ro\/it\/ghid-inchiriere-auto-bucuresti\/","url":"https:\/\/rentado.ro\/it\/ghid-inchiriere-auto-bucuresti\/","name":"Bucharest Car Rental Guide","isPartOf":{"@id":"https:\/\/rentado.ro\/#website"},"primaryImageOfPage":{"@id":"https:\/\/rentado.ro\/it\/ghid-inchiriere-auto-bucuresti\/#primaryimage"},"image":{"@id":"https:\/\/rentado.ro\/it\/ghid-inchiriere-auto-bucuresti\/#primaryimage"},"thumbnailUrl":"https:\/\/rentado.ro\/wp-content\/uploads\/2025\/12\/inchiriere-auto-in-Bucuresti-scaled.png","datePublished":"2025-12-03T13:52:40+00:00","dateModified":"2025-12-03T14:07:08+00:00","description":"Everything you need to know about car rental in Bucharest: a complete guide for beginners - Rentado - Inchirieri Auto Otopeni NON STOP, fara garanzia!","breadcrumb":{"@id":"https:\/\/rentado.ro\/it\/ghid-inchiriere-auto-bucuresti\/#breadcrumb"},"inLanguage":"en-US","potentialAction":[{"@type":"ReadAction","target":["https:\/\/rentado.ro\/it\/ghid-inchiriere-auto-bucuresti\/"]}]},{"@type":"ImageObject","inLanguage":"en-US","@id":"https:\/\/rentado.ro\/it\/ghid-inchiriere-auto-bucuresti\/#primaryimage","url":"https:\/\/rentado.ro\/wp-content\/uploads\/2025\/12\/inchiriere-auto-in-Bucuresti-scaled.png","contentUrl":"https:\/\/rentado.ro\/wp-content\/uploads\/2025\/12\/inchiriere-auto-in-Bucuresti-scaled.png","width":2560,"height":1707,"caption":"inchiriere auto in Bucuresti, un ghid complet pentru \u00eencep\u0103tori"},{"@type":"BreadcrumbList","@id":"https:\/\/rentado.ro\/it\/ghid-inchiriere-auto-bucuresti\/#breadcrumb","itemListElement":[{"@type":"ListItem","position":1,"name":"Prima pagin\u0103","item":"https:\/\/rentado.ro\/"},{"@type":"ListItem","position":2,"name":"Tot ce trebuie s\u0103 \u0219tii despre \u00eenchirierea auto \u00een Bucure\u0219ti: un ghid complet pentru \u00eencep\u0103tori"}]},{"@type":"WebSite","@id":"https:\/\/rentado.ro\/#website","url":"https:\/\/rentado.ro\/","name":"Rentado - Rent a Car Otopeni","description":"Your Mobility Partner","publisher":{"@id":"https:\/\/rentado.ro\/#organization"},"alternateName":"Inchirieri masini Otopeni","potentialAction":[{"@type":"SearchAction","target":{"@type":"EntryPoint","urlTemplate":"https:\/\/rentado.ro\/?s={search_term_string}"},"query-input":{"@type":"PropertyValueSpecification","valueRequired":true,"valueName":"search_term_string"}}],"inLanguage":"en-US"},{"@type":"Organization","@id":"https:\/\/rentado.ro\/#organization","name":"TTR MOBILITY NETWORK SRL","alternateName":"Rentado","url":"https:\/\/rentado.ro\/","logo":{"@type":"ImageObject","inLanguage":"en-US","@id":"https:\/\/rentado.ro\/#\/schema\/logo\/image\/","url":"https:\/\/rentado.ro\/wp-content\/uploads\/2024\/04\/rentado-686.png","contentUrl":"https:\/\/rentado.ro\/wp-content\/uploads\/2024\/04\/rentado-686.png","width":696,"height":696,"caption":"TTR MOBILITY NETWORK SRL"},"image":{"@id":"https:\/\/rentado.ro\/#\/schema\/logo\/image\/"}},{"@type":"Person","@id":"https:\/\/rentado.ro\/#\/schema\/person\/fd082d67790137b4fc2a7a6de2926533","name":"Dosinescu Ioana","image":{"@type":"ImageObject","inLanguage":"en-US","@id":"https:\/\/rentado.ro\/#\/schema\/person\/image\/","url":"https:\/\/rentado.ro\/wp-content\/litespeed\/avatar\/4b725e7fd2fe470b2e00a74b87e2f04c.jpg?ver=1777442678","contentUrl":"https:\/\/rentado.ro\/wp-content\/litespeed\/avatar\/4b725e7fd2fe470b2e00a74b87e2f04c.jpg?ver=1777442678","caption":"Dosinescu Ioana"},"url":"https:\/\/rentado.ro\/en\/author\/ioana\/"}]}},"_links":{"self":[{"href":"https:\/\/rentado.ro\/en\/wp-json\/wp\/v2\/posts\/5985","targetHints":{"allow":["GET"]}}],"collection":[{"href":"https:\/\/rentado.ro\/en\/wp-json\/wp\/v2\/posts"}],"about":[{"href":"https:\/\/rentado.ro\/en\/wp-json\/wp\/v2\/types\/post"}],"author":[{"embeddable":true,"href":"https:\/\/rentado.ro\/en\/wp-json\/wp\/v2\/users\/2"}],"replies":[{"embeddable":true,"href":"https:\/\/rentado.ro\/en\/wp-json\/wp\/v2\/comments?post=5985"}],"version-history":[{"count":1,"href":"https:\/\/rentado.ro\/en\/wp-json\/wp\/v2\/posts\/5985\/revisions"}],"predecessor-version":[{"id":6009,"href":"https:\/\/rentado.ro\/en\/wp-json\/wp\/v2\/posts\/5985\/revisions\/6009"}],"wp:featuredmedia":[{"embeddable":true,"href":"https:\/\/rentado.ro\/en\/wp-json\/wp\/v2\/media\/6008"}],"wp:attachment":[{"href":"https:\/\/rentado.ro\/en\/wp-json\/wp\/v2\/media?parent=5985"}],"wp:term":[{"taxonomy":"category","embeddable":true,"href":"https:\/\/rentado.ro\/en\/wp-json\/wp\/v2\/categories?post=5985"},{"taxonomy":"post_tag","embeddable":true,"href":"https:\/\/rentado.ro\/en\/wp-json\/wp\/v2\/tags?post=5985"}],"curies":[{"name":"wp","href":"https:\/\/api.w.org\/{rel}","templated":true}]}}