{"id":5755,"date":"2025-06-02T15:42:43","date_gmt":"2025-06-02T13:42:43","guid":{"rendered":"https:\/\/rentado.ro\/?p=5755"},"modified":"2025-06-02T15:42:43","modified_gmt":"2025-06-02T13:42:43","slug":"vii-acasa-din-diaspora-inchiriaza-o-masina-direct-din-otopeni-si-porneste-la-drum-fara-griji","status":"publish","type":"post","link":"https:\/\/rentado.ro\/en\/vii-acasa-din-diaspora-inchiriaza-o-masina-direct-din-otopeni-si-porneste-la-drum-fara-griji\/","title":{"rendered":"Coming home from the Diaspora? Rent a car directly from Otopeni and hit the road without worries"},"content":{"rendered":"<p>The summer vacation is approaching, and thousands of Romanians from the Diaspora are preparing to return home \u2013 to parents, grandparents, childhood friends, or to explore the country with their children. After long hours of flying and airport queues, the last thing you need is another wait, a complicated guarantee, or unpleasant surprises when renting a car. Fortunately, there's a simple solution: <strong>Rented<\/strong>.<\/p>\n\n\n\n<h3 class=\"wp-block-heading\">\ud83d\ude97 Total comfort from the first step: rent directly from Otopeni Airport<\/h3>\n\n\n\n<p>With Rentado, your car is already waiting for you when you land. You don't need to take shuttles, go outside the airport, or wait in lines. Rentado representatives hand you the keys directly in the parking lot, regardless of the time. <strong>The delivery service is non-stop and without additional charges<\/strong>.<\/p>\n\n\n\n<h3 class=\"wp-block-heading\">\u2705 No warranty. No deposit. No stress.<\/h3>\n\n\n\n<p>Perhaps the biggest advantage of Rentado is <strong>absolute transparency<\/strong>:<\/p>\n\n\n\n<ul class=\"wp-block-list\">\n<li><strong>You don't pay a deposit.<\/strong><\/li>\n\n\n\n<li><strong>I have full CASCO insurance included.<\/strong><\/li>\n\n\n\n<li><strong>There are no hidden fees.<\/strong><\/li>\n\n\n\n<li><strong>Unlimited kilometers and a second driver free.<\/strong><\/li>\n<\/ul>\n\n\n\n<p>Renting is simple, straightforward, and designed for you, the Romanian who wants to get home without complications.<\/p>\n\n\n\n<h3 class=\"wp-block-heading\">Well-maintained vehicles, diverse fleet<\/h3>\n\n\n\n<p>Whether you want an economical car or one comfortable for long country drives, Rentado has a fleet suited to any travel style.<br>Example prices for 7 days:<\/p>\n\n\n\n<ul class=\"wp-block-list\">\n<li><strong>Opel Astra Sedan Automatic<\/strong> \u2013 \u20ac349 (\u20ac49.86\/day)<\/li>\n\n\n\n<li><strong>Dacia Logan Manual<\/strong> \u2013 \u20ac297 (\u20ac42.43\/day)<br><em>Both with FULL CASCO insurance and NO deposit!<\/em><\/li>\n<\/ul>\n\n\n\n<blockquote class=\"wp-block-quote is-layout-flow wp-block-quote-is-layout-flow\">\n<p class=\"has-text-align-center\">\ud83d\udce2 <strong>Important Announcement - High Season<\/strong><br>Dear customers,<br>During <strong>June 16 \u2013 September 1<\/strong>, car rental enters <strong>peak season<\/strong>, which means <strong>High demand and limited availability<\/strong>.<br>In this interval, <strong>rates are higher by up to 40%<\/strong> compared to standard prices.<br>We recommend booking in advance to ensure the best option!<\/p>\n<\/blockquote>\n\n\n\n<h3 class=\"wp-block-heading\">\ud83d\udcde Easy and fast booking<\/h3>\n\n\n\n<p>All you need to do is choose the model you want, and Rentado will take care of the rest. Whether you arrive late at night or early in the morning, <strong>Your car will be waiting for you right at the arrivals terminal.<\/strong>.<\/p>\n\n\n\n<p>\ud83d\udcf2 <strong>Contact Rentado \u2013 Car Rentals Otopeni Airport<\/strong><br>Phone: (+40) 750 442 947<br>Email: <a>office@rentado.ro<\/a><br>Website: <a class=\"\" href=\"https:\/\/rentado.ro\/en\/\">www.rentado.ro<\/a><\/p>\n\n\n\n<p><strong>The vacation begins as soon as you land.<\/strong> With Rentado, you don't waste time, you don't have worries, and you have the freedom to hit the road in Romania just as you've always wanted. No extra fees, no deposits, just an open road to loved ones.<\/p>","protected":false},"excerpt":{"rendered":"<p>Se apropie vacan\u021ba de var\u0103, iar mii de rom\u00e2ni din Diaspora se preg\u0103tesc s\u0103 revin\u0103 acas\u0103 \u2013 la p\u0103rin\u021bi, la bunici, la prieteni din copil\u0103rie sau pentru a explora \u021bara \u00eempreun\u0103 cu copiii. Dup\u0103 ore lungi de zbor \u0219i cozi prin aeroporturi, ultimul lucru de care ai nevoie este o nou\u0103 a\u0219teptare, o garan\u021bie complicat\u0103 [&hellip;]<\/p>\n","protected":false},"author":2,"featured_media":5756,"comment_status":"open","ping_status":"open","sticky":false,"template":"","format":"standard","meta":{"footnotes":""},"categories":[128,160,221,181],"tags":[75,79,76,82,83,78],"class_list":["post-5755","post","type-post","status-publish","format-standard","has-post-thumbnail","hentry","category-inchiriere-auto-aeroport-otopeni","category-inchirieri-auto-fara-garantie","category-masini-de-inchiriat-bucuresti","category-masini-de-inchiriat-cu-full-casco","tag-inchiriere-auto","tag-inchiriere-auto-bucuresti","tag-inchiriere-auto-la-aeroport-otopeni","tag-rent-a-car-bucuresti","tag-rent-a-car-bucuresti-2","tag-sfaturi-pentru-inchiriere-auto"],"yoast_head":"<!-- This site is optimized with the Yoast SEO plugin v27.1.1 - https:\/\/yoast.com\/product\/yoast-seo-wordpress\/ -->\n<title>Vii acas\u0103 din Diaspora? \u00cenchiriaz\u0103 o ma\u0219in\u0103 direct din Otopeni \u0219i porne\u0219te la drum f\u0103r\u0103 griji - Rentado - Inchirieri Auto Otopeni<\/title>\n<meta name=\"description\" content=\"Vii acas\u0103 din Diaspora? \u00cenchiriaz\u0103 o ma\u0219in\u0103 direct din Otopeni \u0219i porne\u0219te la drum f\u0103r\u0103 griji - Rentado - Inchirieri Auto Otopeni\" \/>\n<meta name=\"robots\" content=\"index, follow, max-snippet:-1, max-image-preview:large, max-video-preview:-1\" \/>\n<link rel=\"canonical\" href=\"https:\/\/rentado.ro\/en\/vii-acasa-din-diaspora-inchiriaza-o-masina-direct-din-otopeni-si-porneste-la-drum-fara-griji\/\" \/>\n<meta property=\"og:locale\" content=\"en_US\" \/>\n<meta property=\"og:type\" content=\"article\" \/>\n<meta property=\"og:title\" content=\"Vii acas\u0103 din Diaspora? \u00cenchiriaz\u0103 o ma\u0219in\u0103 direct din Otopeni \u0219i porne\u0219te la drum f\u0103r\u0103 griji - Rentado - Inchirieri Auto Otopeni\" \/>\n<meta property=\"og:description\" content=\"Vii acas\u0103 din Diaspora? \u00cenchiriaz\u0103 o ma\u0219in\u0103 direct din Otopeni \u0219i porne\u0219te la drum f\u0103r\u0103 griji - Rentado - Inchirieri Auto Otopeni\" \/>\n<meta property=\"og:url\" content=\"https:\/\/rentado.ro\/en\/vii-acasa-din-diaspora-inchiriaza-o-masina-direct-din-otopeni-si-porneste-la-drum-fara-griji\/\" \/>\n<meta property=\"og:site_name\" content=\"Rentado - Inchirieri Auto Otopeni\" \/>\n<meta property=\"article:published_time\" content=\"2025-06-02T13:42:43+00:00\" \/>\n<meta property=\"og:image\" content=\"https:\/\/rentado.ro\/wp-content\/uploads\/2025\/06\/rent-a-car-inchiriere-masini.png\" \/>\n\t<meta property=\"og:image:width\" content=\"1280\" \/>\n\t<meta property=\"og:image:height\" content=\"720\" \/>\n\t<meta property=\"og:image:type\" content=\"image\/png\" \/>\n<meta name=\"author\" content=\"Dosinescu Ioana\" \/>\n<meta name=\"twitter:card\" content=\"summary_large_image\" \/>\n<meta name=\"twitter:label1\" content=\"Written by\" \/>\n\t<meta name=\"twitter:data1\" content=\"Dosinescu Ioana\" \/>\n\t<meta name=\"twitter:label2\" content=\"Est. reading time\" \/>\n\t<meta name=\"twitter:data2\" content=\"2 minutes\" \/>\n<script type=\"application\/ld+json\" class=\"yoast-schema-graph\">{\"@context\":\"https:\/\/schema.org\",\"@graph\":[{\"@type\":\"Article\",\"@id\":\"https:\/\/rentado.ro\/vii-acasa-din-diaspora-inchiriaza-o-masina-direct-din-otopeni-si-porneste-la-drum-fara-griji\/#article\",\"isPartOf\":{\"@id\":\"https:\/\/rentado.ro\/vii-acasa-din-diaspora-inchiriaza-o-masina-direct-din-otopeni-si-porneste-la-drum-fara-griji\/\"},\"author\":{\"name\":\"Dosinescu Ioana\",\"@id\":\"https:\/\/rentado.ro\/#\/schema\/person\/fd082d67790137b4fc2a7a6de2926533\"},\"headline\":\"Vii acas\u0103 din Diaspora? \u00cenchiriaz\u0103 o ma\u0219in\u0103 direct din Otopeni \u0219i porne\u0219te la drum f\u0103r\u0103 griji\",\"datePublished\":\"2025-06-02T13:42:43+00:00\",\"mainEntityOfPage\":{\"@id\":\"https:\/\/rentado.ro\/vii-acasa-din-diaspora-inchiriaza-o-masina-direct-din-otopeni-si-porneste-la-drum-fara-griji\/\"},\"wordCount\":445,\"commentCount\":0,\"publisher\":{\"@id\":\"https:\/\/rentado.ro\/#organization\"},\"image\":{\"@id\":\"https:\/\/rentado.ro\/vii-acasa-din-diaspora-inchiriaza-o-masina-direct-din-otopeni-si-porneste-la-drum-fara-griji\/#primaryimage\"},\"thumbnailUrl\":\"https:\/\/rentado.ro\/wp-content\/uploads\/2025\/06\/rent-a-car-inchiriere-masini.png\",\"keywords\":[\"inchiriere auto\",\"inchiriere auto bucuresti\",\"inchiriere auto la aeroport otopeni\",\"rent a car bucuresti\",\"Rent a Car Bucure\u0219ti\",\"sfaturi pentru inchiriere auto\"],\"articleSection\":[\"Inchiriere auto Aeroport Otopeni\",\"Inchirieri auto fara garantie\",\"Masini de inchiriat Bucuresti\",\"Masini de inchiriat cu FULL CASCO\"],\"inLanguage\":\"en-US\",\"potentialAction\":[{\"@type\":\"CommentAction\",\"name\":\"Comment\",\"target\":[\"https:\/\/rentado.ro\/vii-acasa-din-diaspora-inchiriaza-o-masina-direct-din-otopeni-si-porneste-la-drum-fara-griji\/#respond\"]}]},{\"@type\":\"WebPage\",\"@id\":\"https:\/\/rentado.ro\/vii-acasa-din-diaspora-inchiriaza-o-masina-direct-din-otopeni-si-porneste-la-drum-fara-griji\/\",\"url\":\"https:\/\/rentado.ro\/vii-acasa-din-diaspora-inchiriaza-o-masina-direct-din-otopeni-si-porneste-la-drum-fara-griji\/\",\"name\":\"Vii acas\u0103 din Diaspora? \u00cenchiriaz\u0103 o ma\u0219in\u0103 direct din Otopeni \u0219i porne\u0219te la drum f\u0103r\u0103 griji - Rentado - Inchirieri Auto Otopeni\",\"isPartOf\":{\"@id\":\"https:\/\/rentado.ro\/#website\"},\"primaryImageOfPage\":{\"@id\":\"https:\/\/rentado.ro\/vii-acasa-din-diaspora-inchiriaza-o-masina-direct-din-otopeni-si-porneste-la-drum-fara-griji\/#primaryimage\"},\"image\":{\"@id\":\"https:\/\/rentado.ro\/vii-acasa-din-diaspora-inchiriaza-o-masina-direct-din-otopeni-si-porneste-la-drum-fara-griji\/#primaryimage\"},\"thumbnailUrl\":\"https:\/\/rentado.ro\/wp-content\/uploads\/2025\/06\/rent-a-car-inchiriere-masini.png\",\"datePublished\":\"2025-06-02T13:42:43+00:00\",\"description\":\"Vii acas\u0103 din Diaspora? \u00cenchiriaz\u0103 o ma\u0219in\u0103 direct din Otopeni \u0219i porne\u0219te la drum f\u0103r\u0103 griji - Rentado - Inchirieri Auto Otopeni\",\"breadcrumb\":{\"@id\":\"https:\/\/rentado.ro\/vii-acasa-din-diaspora-inchiriaza-o-masina-direct-din-otopeni-si-porneste-la-drum-fara-griji\/#breadcrumb\"},\"inLanguage\":\"en-US\",\"potentialAction\":[{\"@type\":\"ReadAction\",\"target\":[\"https:\/\/rentado.ro\/vii-acasa-din-diaspora-inchiriaza-o-masina-direct-din-otopeni-si-porneste-la-drum-fara-griji\/\"]}]},{\"@type\":\"ImageObject\",\"inLanguage\":\"en-US\",\"@id\":\"https:\/\/rentado.ro\/vii-acasa-din-diaspora-inchiriaza-o-masina-direct-din-otopeni-si-porneste-la-drum-fara-griji\/#primaryimage\",\"url\":\"https:\/\/rentado.ro\/wp-content\/uploads\/2025\/06\/rent-a-car-inchiriere-masini.png\",\"contentUrl\":\"https:\/\/rentado.ro\/wp-content\/uploads\/2025\/06\/rent-a-car-inchiriere-masini.png\",\"width\":1280,\"height\":720,\"caption\":\"rent a car, inchiriere masini\"},{\"@type\":\"BreadcrumbList\",\"@id\":\"https:\/\/rentado.ro\/vii-acasa-din-diaspora-inchiriaza-o-masina-direct-din-otopeni-si-porneste-la-drum-fara-griji\/#breadcrumb\",\"itemListElement\":[{\"@type\":\"ListItem\",\"position\":1,\"name\":\"Prima pagin\u0103\",\"item\":\"https:\/\/rentado.ro\/\"},{\"@type\":\"ListItem\",\"position\":2,\"name\":\"Vii acas\u0103 din Diaspora? \u00cenchiriaz\u0103 o ma\u0219in\u0103 direct din Otopeni \u0219i porne\u0219te la drum f\u0103r\u0103 griji\"}]},{\"@type\":\"WebSite\",\"@id\":\"https:\/\/rentado.ro\/#website\",\"url\":\"https:\/\/rentado.ro\/\",\"name\":\"Rentado - Inchirieri Auto Otopeni\",\"description\":\"Your Mobility Partner\",\"publisher\":{\"@id\":\"https:\/\/rentado.ro\/#organization\"},\"alternateName\":\"Inchirieri masini Otopeni\",\"potentialAction\":[{\"@type\":\"SearchAction\",\"target\":{\"@type\":\"EntryPoint\",\"urlTemplate\":\"https:\/\/rentado.ro\/?s={search_term_string}\"},\"query-input\":{\"@type\":\"PropertyValueSpecification\",\"valueRequired\":true,\"valueName\":\"search_term_string\"}}],\"inLanguage\":\"en-US\"},{\"@type\":\"Organization\",\"@id\":\"https:\/\/rentado.ro\/#organization\",\"name\":\"TTR MOBILITY NETWORK SRL\",\"alternateName\":\"Rentado\",\"url\":\"https:\/\/rentado.ro\/\",\"logo\":{\"@type\":\"ImageObject\",\"inLanguage\":\"en-US\",\"@id\":\"https:\/\/rentado.ro\/#\/schema\/logo\/image\/\",\"url\":\"https:\/\/rentado.ro\/wp-content\/uploads\/2024\/04\/rentado-686.png\",\"contentUrl\":\"https:\/\/rentado.ro\/wp-content\/uploads\/2024\/04\/rentado-686.png\",\"width\":696,\"height\":696,\"caption\":\"TTR MOBILITY NETWORK SRL\"},\"image\":{\"@id\":\"https:\/\/rentado.ro\/#\/schema\/logo\/image\/\"}},{\"@type\":\"Person\",\"@id\":\"https:\/\/rentado.ro\/#\/schema\/person\/fd082d67790137b4fc2a7a6de2926533\",\"name\":\"Dosinescu Ioana\",\"image\":{\"@type\":\"ImageObject\",\"inLanguage\":\"en-US\",\"@id\":\"https:\/\/rentado.ro\/#\/schema\/person\/image\/\",\"url\":\"https:\/\/rentado.ro\/wp-content\/litespeed\/avatar\/4b725e7fd2fe470b2e00a74b87e2f04c.jpg?ver=1777442678\",\"contentUrl\":\"https:\/\/rentado.ro\/wp-content\/litespeed\/avatar\/4b725e7fd2fe470b2e00a74b87e2f04c.jpg?ver=1777442678\",\"caption\":\"Dosinescu Ioana\"},\"url\":\"https:\/\/rentado.ro\/en\/author\/ioana\/\"}]}<\/script>\n<!-- \/ Yoast SEO plugin. -->","yoast_head_json":{"title":"Are you coming home from the Diaspora? Rent a car directly from Otopeni and hit the road without worries - Rentado - Car Rentals Otopeni","description":"Are you coming home from the Diaspora? Rent a car directly from Otopeni and hit the road without worries - Rentado - Car Rentals Otopeni","robots":{"index":"index","follow":"follow","max-snippet":"max-snippet:-1","max-image-preview":"max-image-preview:large","max-video-preview":"max-video-preview:-1"},"canonical":"https:\/\/rentado.ro\/en\/vii-acasa-din-diaspora-inchiriaza-o-masina-direct-din-otopeni-si-porneste-la-drum-fara-griji\/","og_locale":"en_US","og_type":"article","og_title":"Vii acas\u0103 din Diaspora? \u00cenchiriaz\u0103 o ma\u0219in\u0103 direct din Otopeni \u0219i porne\u0219te la drum f\u0103r\u0103 griji - Rentado - Inchirieri Auto Otopeni","og_description":"Vii acas\u0103 din Diaspora? \u00cenchiriaz\u0103 o ma\u0219in\u0103 direct din Otopeni \u0219i porne\u0219te la drum f\u0103r\u0103 griji - Rentado - Inchirieri Auto Otopeni","og_url":"https:\/\/rentado.ro\/en\/vii-acasa-din-diaspora-inchiriaza-o-masina-direct-din-otopeni-si-porneste-la-drum-fara-griji\/","og_site_name":"Rentado - Inchirieri Auto Otopeni","article_published_time":"2025-06-02T13:42:43+00:00","og_image":[{"width":1280,"height":720,"url":"https:\/\/rentado.ro\/wp-content\/uploads\/2025\/06\/rent-a-car-inchiriere-masini.png","type":"image\/png"}],"author":"Dosinescu Ioana","twitter_card":"summary_large_image","twitter_misc":{"Written by":"Dosinescu Ioana","Est. reading time":"2 minutes"},"schema":{"@context":"https:\/\/schema.org","@graph":[{"@type":"Article","@id":"https:\/\/rentado.ro\/vii-acasa-din-diaspora-inchiriaza-o-masina-direct-din-otopeni-si-porneste-la-drum-fara-griji\/#article","isPartOf":{"@id":"https:\/\/rentado.ro\/vii-acasa-din-diaspora-inchiriaza-o-masina-direct-din-otopeni-si-porneste-la-drum-fara-griji\/"},"author":{"name":"Dosinescu Ioana","@id":"https:\/\/rentado.ro\/#\/schema\/person\/fd082d67790137b4fc2a7a6de2926533"},"headline":"Vii acas\u0103 din Diaspora? \u00cenchiriaz\u0103 o ma\u0219in\u0103 direct din Otopeni \u0219i porne\u0219te la drum f\u0103r\u0103 griji","datePublished":"2025-06-02T13:42:43+00:00","mainEntityOfPage":{"@id":"https:\/\/rentado.ro\/vii-acasa-din-diaspora-inchiriaza-o-masina-direct-din-otopeni-si-porneste-la-drum-fara-griji\/"},"wordCount":445,"commentCount":0,"publisher":{"@id":"https:\/\/rentado.ro\/#organization"},"image":{"@id":"https:\/\/rentado.ro\/vii-acasa-din-diaspora-inchiriaza-o-masina-direct-din-otopeni-si-porneste-la-drum-fara-griji\/#primaryimage"},"thumbnailUrl":"https:\/\/rentado.ro\/wp-content\/uploads\/2025\/06\/rent-a-car-inchiriere-masini.png","keywords":["inchiriere auto","inchiriere auto bucuresti","inchiriere auto la aeroport otopeni","rent a car bucuresti","Rent a Car Bucure\u0219ti","sfaturi pentru inchiriere auto"],"articleSection":["Inchiriere auto Aeroport Otopeni","Inchirieri auto fara garantie","Masini de inchiriat Bucuresti","Masini de inchiriat cu FULL CASCO"],"inLanguage":"en-US","potentialAction":[{"@type":"CommentAction","name":"Comment","target":["https:\/\/rentado.ro\/vii-acasa-din-diaspora-inchiriaza-o-masina-direct-din-otopeni-si-porneste-la-drum-fara-griji\/#respond"]}]},{"@type":"WebPage","@id":"https:\/\/rentado.ro\/vii-acasa-din-diaspora-inchiriaza-o-masina-direct-din-otopeni-si-porneste-la-drum-fara-griji\/","url":"https:\/\/rentado.ro\/vii-acasa-din-diaspora-inchiriaza-o-masina-direct-din-otopeni-si-porneste-la-drum-fara-griji\/","name":"Are you coming home from the Diaspora? Rent a car directly from Otopeni and hit the road without worries - Rentado - Car Rentals Otopeni","isPartOf":{"@id":"https:\/\/rentado.ro\/#website"},"primaryImageOfPage":{"@id":"https:\/\/rentado.ro\/vii-acasa-din-diaspora-inchiriaza-o-masina-direct-din-otopeni-si-porneste-la-drum-fara-griji\/#primaryimage"},"image":{"@id":"https:\/\/rentado.ro\/vii-acasa-din-diaspora-inchiriaza-o-masina-direct-din-otopeni-si-porneste-la-drum-fara-griji\/#primaryimage"},"thumbnailUrl":"https:\/\/rentado.ro\/wp-content\/uploads\/2025\/06\/rent-a-car-inchiriere-masini.png","datePublished":"2025-06-02T13:42:43+00:00","description":"Are you coming home from the Diaspora? Rent a car directly from Otopeni and hit the road without worries - Rentado - Car Rentals Otopeni","breadcrumb":{"@id":"https:\/\/rentado.ro\/vii-acasa-din-diaspora-inchiriaza-o-masina-direct-din-otopeni-si-porneste-la-drum-fara-griji\/#breadcrumb"},"inLanguage":"en-US","potentialAction":[{"@type":"ReadAction","target":["https:\/\/rentado.ro\/vii-acasa-din-diaspora-inchiriaza-o-masina-direct-din-otopeni-si-porneste-la-drum-fara-griji\/"]}]},{"@type":"ImageObject","inLanguage":"en-US","@id":"https:\/\/rentado.ro\/vii-acasa-din-diaspora-inchiriaza-o-masina-direct-din-otopeni-si-porneste-la-drum-fara-griji\/#primaryimage","url":"https:\/\/rentado.ro\/wp-content\/uploads\/2025\/06\/rent-a-car-inchiriere-masini.png","contentUrl":"https:\/\/rentado.ro\/wp-content\/uploads\/2025\/06\/rent-a-car-inchiriere-masini.png","width":1280,"height":720,"caption":"rent a car, inchiriere masini"},{"@type":"BreadcrumbList","@id":"https:\/\/rentado.ro\/vii-acasa-din-diaspora-inchiriaza-o-masina-direct-din-otopeni-si-porneste-la-drum-fara-griji\/#breadcrumb","itemListElement":[{"@type":"ListItem","position":1,"name":"Prima pagin\u0103","item":"https:\/\/rentado.ro\/"},{"@type":"ListItem","position":2,"name":"Vii acas\u0103 din Diaspora? \u00cenchiriaz\u0103 o ma\u0219in\u0103 direct din Otopeni \u0219i porne\u0219te la drum f\u0103r\u0103 griji"}]},{"@type":"WebSite","@id":"https:\/\/rentado.ro\/#website","url":"https:\/\/rentado.ro\/","name":"Rentado - Rent a Car Otopeni","description":"Your Mobility Partner","publisher":{"@id":"https:\/\/rentado.ro\/#organization"},"alternateName":"Inchirieri masini Otopeni","potentialAction":[{"@type":"SearchAction","target":{"@type":"EntryPoint","urlTemplate":"https:\/\/rentado.ro\/?s={search_term_string}"},"query-input":{"@type":"PropertyValueSpecification","valueRequired":true,"valueName":"search_term_string"}}],"inLanguage":"en-US"},{"@type":"Organization","@id":"https:\/\/rentado.ro\/#organization","name":"TTR MOBILITY NETWORK SRL","alternateName":"Rentado","url":"https:\/\/rentado.ro\/","logo":{"@type":"ImageObject","inLanguage":"en-US","@id":"https:\/\/rentado.ro\/#\/schema\/logo\/image\/","url":"https:\/\/rentado.ro\/wp-content\/uploads\/2024\/04\/rentado-686.png","contentUrl":"https:\/\/rentado.ro\/wp-content\/uploads\/2024\/04\/rentado-686.png","width":696,"height":696,"caption":"TTR MOBILITY NETWORK SRL"},"image":{"@id":"https:\/\/rentado.ro\/#\/schema\/logo\/image\/"}},{"@type":"Person","@id":"https:\/\/rentado.ro\/#\/schema\/person\/fd082d67790137b4fc2a7a6de2926533","name":"Dosinescu Ioana","image":{"@type":"ImageObject","inLanguage":"en-US","@id":"https:\/\/rentado.ro\/#\/schema\/person\/image\/","url":"https:\/\/rentado.ro\/wp-content\/litespeed\/avatar\/4b725e7fd2fe470b2e00a74b87e2f04c.jpg?ver=1777442678","contentUrl":"https:\/\/rentado.ro\/wp-content\/litespeed\/avatar\/4b725e7fd2fe470b2e00a74b87e2f04c.jpg?ver=1777442678","caption":"Dosinescu Ioana"},"url":"https:\/\/rentado.ro\/en\/author\/ioana\/"}]}},"_links":{"self":[{"href":"https:\/\/rentado.ro\/en\/wp-json\/wp\/v2\/posts\/5755","targetHints":{"allow":["GET"]}}],"collection":[{"href":"https:\/\/rentado.ro\/en\/wp-json\/wp\/v2\/posts"}],"about":[{"href":"https:\/\/rentado.ro\/en\/wp-json\/wp\/v2\/types\/post"}],"author":[{"embeddable":true,"href":"https:\/\/rentado.ro\/en\/wp-json\/wp\/v2\/users\/2"}],"replies":[{"embeddable":true,"href":"https:\/\/rentado.ro\/en\/wp-json\/wp\/v2\/comments?post=5755"}],"version-history":[{"count":1,"href":"https:\/\/rentado.ro\/en\/wp-json\/wp\/v2\/posts\/5755\/revisions"}],"predecessor-version":[{"id":5757,"href":"https:\/\/rentado.ro\/en\/wp-json\/wp\/v2\/posts\/5755\/revisions\/5757"}],"wp:featuredmedia":[{"embeddable":true,"href":"https:\/\/rentado.ro\/en\/wp-json\/wp\/v2\/media\/5756"}],"wp:attachment":[{"href":"https:\/\/rentado.ro\/en\/wp-json\/wp\/v2\/media?parent=5755"}],"wp:term":[{"taxonomy":"category","embeddable":true,"href":"https:\/\/rentado.ro\/en\/wp-json\/wp\/v2\/categories?post=5755"},{"taxonomy":"post_tag","embeddable":true,"href":"https:\/\/rentado.ro\/en\/wp-json\/wp\/v2\/tags?post=5755"}],"curies":[{"name":"wp","href":"https:\/\/api.w.org\/{rel}","templated":true}]}}