{"id":5458,"date":"2025-02-11T09:35:00","date_gmt":"2025-02-11T07:35:00","guid":{"rendered":"https:\/\/rentado.ro\/?p=5458"},"modified":"2025-02-11T09:35:00","modified_gmt":"2025-02-11T07:35:00","slug":"how-much-does-it-cost-to-rent-a-car-in-bucuresti-everything-you-need-to-know-about-rates","status":"publish","type":"post","link":"https:\/\/rentado.ro\/en\/cat-costa-sa-inchiriezi-o-masina-in-bucuresti-tot-ce-trebuie-sa-stii-despre-tarife\/","title":{"rendered":"How much does it cost to rent a car in Bucharest? Everything you need to know about rates"},"content":{"rendered":"<p>If you need to rent a car in Bucharest, it is important to understand the rates and factors that influence the final cost. Rentado offers affordable and flexible solutions for car rental, whether you need a car for a day, a week or long term.<\/p>\n\n\n\n<h3 class=\"wp-block-heading\">1. Factors influencing the price of car rental<\/h3>\n\n\n\n<p>The cost of renting a car can vary depending on several factors:<\/p>\n\n\n\n<ul class=\"wp-block-list\">\n<li><strong>Rental duration<\/strong> - The longer you rent for, the lower the daily rate can be.<\/li>\n\n\n\n<li><strong>Machine type<\/strong> - Economy cars are cheaper than premium models or SUVs.<\/li>\n\n\n\n<li><strong>Season and demand<\/strong> - During busy periods, such as holidays or the tourist season, prices can be higher.<\/li>\n\n\n\n<li><strong>Insurance<\/strong> - Choosing a fully-insured package may affect the final cost, but it gives you full protection.<\/li>\n\n\n\n<li><strong>Fuel policy<\/strong> - Some companies require you to return the car with a full tank of fuel, otherwise extra charges apply.<\/li>\n<\/ul>\n\n\n\n<h3 class=\"wp-block-heading\">2. Rentado car rental rates in Bucharest<\/h3>\n\n\n\n<figure class=\"wp-block-gallery has-nested-images columns-default is-cropped wp-block-gallery-1 is-layout-flex wp-block-gallery-is-layout-flex\">\n<figure class=\"wp-block-image size-large\"><img fetchpriority=\"high\" decoding=\"async\" width=\"1024\" height=\"683\" data-id=\"5460\" src=\"https:\/\/rentado.ro\/wp-content\/uploads\/2025\/02\/4A9A2399-1024x683.jpg\" alt=\"\" class=\"wp-image-5460\" srcset=\"https:\/\/rentado.ro\/wp-content\/uploads\/2025\/02\/4A9A2399-1024x683.jpg 1024w, https:\/\/rentado.ro\/wp-content\/uploads\/2025\/02\/4A9A2399-300x200.jpg 300w, https:\/\/rentado.ro\/wp-content\/uploads\/2025\/02\/4A9A2399-768x512.jpg 768w, https:\/\/rentado.ro\/wp-content\/uploads\/2025\/02\/4A9A2399-1536x1024.jpg 1536w, https:\/\/rentado.ro\/wp-content\/uploads\/2025\/02\/4A9A2399-2048x1365.jpg 2048w, https:\/\/rentado.ro\/wp-content\/uploads\/2025\/02\/4A9A2399-350x233.jpg 350w, https:\/\/rentado.ro\/wp-content\/uploads\/2025\/02\/4A9A2399-600x400.jpg 600w, https:\/\/rentado.ro\/wp-content\/uploads\/2025\/02\/4A9A2399-855x570.jpg 855w, https:\/\/rentado.ro\/wp-content\/uploads\/2025\/02\/4A9A2399-415x277.jpg 415w\" sizes=\"(max-width: 1024px) 100vw, 1024px\" \/><\/figure>\n<\/figure>\n\n\n\n<p>At Rentado, we offer competitive and transparent rates for all types of vehicles. Here is a price estimate for rentals in Bucharest:<\/p>\n\n\n\n<ul class=\"wp-block-list\">\n<li><strong>Economy cars (Dacia Logan, Renault Clio)<\/strong> - From <strong>25\/day<\/strong><\/li>\n\n\n\n<li><strong>Compact sedans (Ford Focus, VW Golf)<\/strong> - From <strong>35\u20ac\/day<\/strong><\/li>\n\n\n\n<li><strong>SUVs (Dacia Duster, Nissan Qashqai)<\/strong> - From <strong>50\/day<\/strong><\/li>\n\n\n\n<li><strong>Premium cars (BMW, Mercedes, Audi)<\/strong> - From <strong>80\u20ac\/day<\/strong><\/li>\n\n\n\n<li><strong>Long-term rentals<\/strong> - Customized rates, depending on the duration of the contract and the chosen model.<\/li>\n<\/ul>\n\n\n\n<h3 class=\"wp-block-heading\">3. Additional costs to consider<\/h3>\n\n\n<div class=\"widget widget_mod_vikrentcar_search\" id=\"mod_vikrentcar_search_1\">\r\n<div class=\"vrcdivsearch vrcdivsearchmodule vrc-searchmod-wrap-hybrid\">\r\n\t<form action=\"https:\/\/rentado.ro\/en\/how-much-does-it-cost-to-rent-a-car-in-bucuresti-everything-you-need-to-know-about-rates\/?option=com_vikrentcar&#038;task=search&#038;Itemid=0\" method=\"post\" onsubmit=\"return vrcValidateSearch171();\" data-trp-original-action=\"https:\/\/rentado.ro\/en\/cat-costa-sa-inchiriezi-o-masina-in-bucuresti-tot-ce-trebuie-sa-stii-despre-tarife\/?option=com_vikrentcar&amp;task=search&amp;Itemid=0\">\r\n\t\t<input type=\"hidden\" name=\"task\" value=\"search\"\/>\r\n    <div class=\"vrc-searchmod-section-datetimes\">\n<div class=\"vrcsfentrycont\">\n\t<div class=\"vrcsfentrylabsel\">\n\t\t<label for=\"pickupdatemod171\">Pickup Date<\/label>\n\t\t<div class=\"vrcsfentrydate\">\n\t\t\t<input type=\"text\" name=\"pickupdate\" id=\"pickupdatemod171\" size=\"10\" autocomplete=\"off\" onfocus=\"this.blur();\" readonly><i class=\"far fa-calendar-alt vrc-caltrigger\"><\/i>\n\t\t<\/div>\n\t<\/div>\n\t<div class=\"vrcsfentrytime\">\n\t\t<label for=\"pickuph\">Pickup Time<\/label>\n\t\t<div class=\"vrc-sf-time-container\">\n\t\t\t<span id=\"vrcmodselph\"><select id=\"pickuph\" name=\"pickuph\"><option value=\"0\">00<\/option>\n<option value=\"1\">01<\/option>\n<option value=\"2\">02<\/option>\n<option value=\"3\">03<\/option>\n<option value=\"4\">04<\/option>\n<option value=\"5\">05<\/option>\n<option value=\"6\">06<\/option>\n<option value=\"7\">07<\/option>\n<option value=\"8\">08<\/option>\n<option value=\"9\">09<\/option>\n<option value=\"10\">10<\/option>\n<option value=\"11\">11<\/option>\n<option value=\"12\">12<\/option>\n<option value=\"13\">13<\/option>\n<option value=\"14\">14<\/option>\n<option value=\"15\">15<\/option>\n<option value=\"16\">16<\/option>\n<option value=\"17\">17<\/option>\n<option value=\"18\">18<\/option>\n<option value=\"19\">19<\/option>\n<option value=\"20\">20<\/option>\n<option value=\"21\">21<\/option>\n<option value=\"22\">22<\/option>\n<option value=\"23\">23<\/option>\n<\/select><\/span>\n\t\t\t<span class=\"vrctimesep\">:<\/span>\n\t\t\t<span id=\"vrcmodselpm\"><select name=\"pickupm\"><option value=\"0\" selected=\"selected\">00<\/option>\n<option value=\"15\">15<\/option>\n<option value=\"30\">30<\/option>\n<option value=\"45\">45<\/option>\n<\/select><\/span>\n\t\t<\/div>\n\t<\/div>\n<\/div>\n<div class=\"vrcsfentrycont\">\n\t<div class=\"vrcsfentrylabsel\">\n\t\t<label for=\"releasedatemod171\">Drop Off Date<\/label>\n\t\t<div class=\"vrcsfentrydate\">\n\t\t\t<input type=\"text\" name=\"releasedate\" id=\"releasedatemod171\" size=\"10\" autocomplete=\"off\" onfocus=\"this.blur();\" readonly><i class=\"far fa-calendar-alt vrc-caltrigger\"><\/i>\n\t\t<\/div>\n\t<\/div>\n\t<div class=\"vrcsfentrytime\">\n\t\t<label for=\"releaseh\">Drop Off Time<\/label>\n\t\t<div class=\"vrc-sf-time-container\">\n\t\t\t<span id=\"vrcmodseldh\"><select id=\"releaseh\" name=\"releaseh\"><option value=\"0\">00<\/option>\n<option value=\"1\">01<\/option>\n<option value=\"2\">02<\/option>\n<option value=\"3\">03<\/option>\n<option value=\"4\">04<\/option>\n<option value=\"5\">05<\/option>\n<option value=\"6\">06<\/option>\n<option value=\"7\">07<\/option>\n<option value=\"8\">08<\/option>\n<option value=\"9\">09<\/option>\n<option value=\"10\">10<\/option>\n<option value=\"11\">11<\/option>\n<option value=\"12\">12<\/option>\n<option value=\"13\">13<\/option>\n<option value=\"14\">14<\/option>\n<option value=\"15\">15<\/option>\n<option value=\"16\">16<\/option>\n<option value=\"17\">17<\/option>\n<option value=\"18\">18<\/option>\n<option value=\"19\">19<\/option>\n<option value=\"20\">20<\/option>\n<option value=\"21\">21<\/option>\n<option value=\"22\">22<\/option>\n<option value=\"23\">23<\/option>\n<\/select><\/span>\n\t\t\t<span class=\"vrctimesep\">:<\/span>\n\t\t\t<span id=\"vrcmodseldm\"><select name=\"releasem\"><option value=\"0\" selected=\"selected\">00<\/option>\n<option value=\"15\">15<\/option>\n<option value=\"30\">30<\/option>\n<option value=\"45\">45<\/option>\n<\/select><\/span>\n\t\t<\/div>\n\t<\/div>\n<\/div>\n<\/div>\n<div class=\"vrc-searchmod-section-categories\"><div class=\"vrcsfentrycont\"><label for=\"vrc-categories171\">Category<\/label><div class=\"vrcsfentryselect\"><select id=\"vrc-categories171\" name=\"categories\"><option value=\"all\">Any<\/option>\n<option value=\"1\">Manual<\/option>\n<option value=\"2\">Automata<\/option>\n<option value=\"6\">5 places<\/option>\n<option value=\"7\">7 places + 1<\/option>\n<option value=\"9\">4X4<\/option>\n<option value=\"10\">Unlimited kilometers<\/option>\n<\/select><\/div><\/div>\n<\/div>    \t<div class=\"vrc-searchmod-section-sbmt\">\r\n\t\t\t<div class=\"vrcsfentrycont\">\r\n\t\t\t\t<div class=\"vrcsfentrysubmit\">\r\n\t\t\t\t\t<button type=\"submit\" class=\"btn vrcsearch vrc-pref-color-btn\">Search<\/button>\r\n\t\t\t\t<\/div>\r\n\t\t\t<\/div>\r\n\t\t<\/div>\r\n    <input type=\"hidden\" name=\"trp-form-language\" value=\"en\"\/><\/form>\r\n<\/div>\r\n\r\n\r\n<\/div><link rel='stylesheet' id='litespeed-cache-dummy-css' href='https:\/\/rentado.ro\/wp-content\/plugins\/litespeed-cache\/assets\/css\/litespeed-dummy.css' media='all' \/>\n<link rel='stylesheet' id='system-css-css' href='https:\/\/rentado.ro\/wp-content\/plugins\/vikrentcar\/admin\/resources\/css\/system.css' media='all' \/>\n<link rel='stylesheet' id='389d2f61802b83059c74c61cc87625f0-css' href='https:\/\/rentado.ro\/wp-content\/plugins\/vikrentcar\/site\/resources\/fontawesome.min.css' media='all' \/>\n<link rel='stylesheet' id='18a30a66109cb33980ea8c468c01b6bb-css' href='https:\/\/rentado.ro\/wp-content\/plugins\/vikrentcar\/site\/resources\/solid.min.css' media='all' \/>\n<link rel='stylesheet' id='45fa0347ccca5dfb99d91403d6ee9716-css' href='https:\/\/rentado.ro\/wp-content\/plugins\/vikrentcar\/site\/resources\/regular.min.css' media='all' \/>\n<link rel='stylesheet' id='525f8f9c089fa638cc37660a24665cf9-css' href='https:\/\/rentado.ro\/wp-content\/plugins\/vikrentcar\/modules\/mod_vikrentcar_search\/mod_vikrentcar_search.css' media='all' \/>\n<link rel='stylesheet' id='de40a5864761fccb3cc264f2d57f00b2-css' href='https:\/\/rentado.ro\/wp-content\/plugins\/vikrentcar\/site\/resources\/jquery-ui.min.css' media='all' \/>\n\n\n\n<p>To avoid unpleasant surprises, here are some extra costs that may arise:<\/p>\n\n\n\n<ul class=\"wp-block-list\">\n<li><strong>Security deposit<\/strong> - Rentado offers options <strong>no deposit<\/strong>However, some premium models may require a blocked amount on the card.<\/li>\n\n\n\n<li><strong>Additional driver fee<\/strong> - If more than one person drives the car, an additional charge may apply.<\/li>\n\n\n\n<li><strong>Airport delivery<\/strong> - Some companies charge for delivery at Otopeni Airport, but Rentado offers free pick-up.<\/li>\n\n\n\n<li><strong>Late return fee<\/strong> - If you return the car late, an additional fee may be charged.<\/li>\n<\/ul>\n\n\n\n<h3 class=\"wp-block-heading\">4. How you can save on car rental in Bucharest<\/h3>\n\n\n\n<p>To get the best rental price, keep the following tips in mind:<\/p>\n\n\n\n<ul class=\"wp-block-list\">\n<li><strong>Reserve in advance<\/strong> - Rates are lower for bookings made a few weeks in advance.<\/li>\n\n\n\n<li><strong>Compare offers<\/strong> - Check several options to choose the best deal.<\/li>\n\n\n\n<li><strong>Choose the right car for your needs<\/strong> - If you only need urban transportation, an economy model will suffice.<\/li>\n\n\n\n<li><strong>Take advantage of Rentado promotions<\/strong> - Rentado offers discounts for long-term rentals or repeat customers.<\/li>\n<\/ul>\n\n\n\n<h3 class=\"wp-block-heading\">Frequently Asked Questions<\/h3>\n\n\n\n<h4 class=\"wp-block-heading\">1. Can I rent a car without a deposit?<\/h4>\n\n\n\n<p>Yes, Rentado offers rental options <strong>no deposit<\/strong>depending on the type of car and package you choose.<\/p>\n\n\n\n<h4 class=\"wp-block-heading\">2. What insurance is included in the price?<\/h4>\n\n\n\n<p>All cars include basic insurance and customers can opt for comprehensive insurance for extra protection.<\/p>\n\n\n\n<h4 class=\"wp-block-heading\">3. What is the minimum age to rent a car?<\/h4>\n\n\n\n<p>The minimum age to rent a car is <strong>21 years<\/strong>However, for certain categories of vehicles, a minimum age of 23 or 25 may be required. Drivers under 25 may be subject to an additional young driver fee.<\/p>\n\n\n\n<h4 class=\"wp-block-heading\">4. Can I return the car to another location?<\/h4>\n\n\n\n<p>Yes, Rentado offers the flexibility to return the car to different locations, including the airport.<\/p>\n\n\n\n<h3 class=\"wp-block-heading\">Contact Rentado<\/h3>\n\n\n\n<ul class=\"wp-block-list\">\n<li><strong>Phone:<\/strong> (+40) 750442947<\/li>\n\n\n\n<li><strong>Email:<\/strong> <a>office@rentado.ro<\/a><\/li>\n\n\n\n<li><strong>Address:<\/strong> Bucharest, Otopeni Airport<\/li>\n<\/ul>\n\n\n\n<p>Rent a car at the best price with Rentado and enjoy a stress-free experience!<\/p>","protected":false},"excerpt":{"rendered":"<p>Dac\u0103 ai nevoie s\u0103 \u00eenchiriezi o ma\u0219in\u0103 \u00een Bucure\u0219ti, este important s\u0103 \u00een\u021belegi tarifele \u0219i factorii care influen\u021beaz\u0103 costul final. Rentado ofer\u0103 solu\u021bii accesibile \u0219i flexibile pentru \u00eenchirieri auto, fie c\u0103 ai nevoie de o ma\u0219in\u0103 pentru o zi, o s\u0103pt\u0103m\u00e2n\u0103 sau pe termen lung. 1. Factori care influen\u021beaz\u0103 pre\u021bul \u00eenchirierii auto Costul de \u00eenchiriere [&hellip;]<\/p>\n","protected":false},"author":2,"featured_media":5459,"comment_status":"open","ping_status":"open","sticky":false,"template":"","format":"standard","meta":{"footnotes":""},"categories":[16,127],"tags":[135],"class_list":["post-5458","post","type-post","status-publish","format-standard","has-post-thumbnail","hentry","category-inchirieri-auto","category-rent-a-car-bucuresti","tag-cat-costa-inchirierea-de-masini-in-bucuresti-aeroport"],"yoast_head":"<!-- This site is optimized with the Yoast SEO plugin v27.1.1 - https:\/\/yoast.com\/product\/yoast-seo-wordpress\/ -->\n<title>C\u00e2t Cost\u0103 s\u0103 \u00cenchiriezi o Ma\u0219in\u0103 \u00een Bucure\u0219ti? Ghid Complet<\/title>\n<meta name=\"description\" content=\"Afl\u0103 tot ce trebuie s\u0103 \u0219tii despre tarifele pentru \u00eenchirieri auto \u00een Bucure\u0219ti. Descoper\u0103 pre\u021buri, factori de influen\u021b\u0103 \u0219i sfaturi pentru economisire.\" \/>\n<meta name=\"robots\" content=\"index, follow, max-snippet:-1, max-image-preview:large, max-video-preview:-1\" \/>\n<link rel=\"canonical\" href=\"https:\/\/rentado.ro\/en\/how-much-does-it-cost-to-rent-a-car-in-bucuresti-everything-you-need-to-know-about-rates\/\" \/>\n<meta property=\"og:locale\" content=\"en_US\" \/>\n<meta property=\"og:type\" content=\"article\" \/>\n<meta property=\"og:title\" content=\"C\u00e2t Cost\u0103 s\u0103 \u00cenchiriezi o Ma\u0219in\u0103 \u00een Bucure\u0219ti? Ghid Complet\" \/>\n<meta property=\"og:description\" content=\"Afl\u0103 tot ce trebuie s\u0103 \u0219tii despre tarifele pentru \u00eenchirieri auto \u00een Bucure\u0219ti. Descoper\u0103 pre\u021buri, factori de influen\u021b\u0103 \u0219i sfaturi pentru economisire.\" \/>\n<meta property=\"og:url\" content=\"https:\/\/rentado.ro\/en\/how-much-does-it-cost-to-rent-a-car-in-bucuresti-everything-you-need-to-know-about-rates\/\" \/>\n<meta property=\"og:site_name\" content=\"Rentado - Inchirieri Auto Otopeni\" \/>\n<meta property=\"article:published_time\" content=\"2025-02-11T07:35:00+00:00\" \/>\n<meta property=\"og:image\" content=\"https:\/\/rentado.ro\/wp-content\/uploads\/2025\/02\/4A9A2406-scaled.jpg\" \/>\n\t<meta property=\"og:image:width\" content=\"2560\" \/>\n\t<meta property=\"og:image:height\" content=\"1707\" \/>\n\t<meta property=\"og:image:type\" content=\"image\/jpeg\" \/>\n<meta name=\"author\" content=\"Dosinescu Ioana\" \/>\n<meta name=\"twitter:card\" content=\"summary_large_image\" \/>\n<meta name=\"twitter:label1\" content=\"Written by\" \/>\n\t<meta name=\"twitter:data1\" content=\"Dosinescu Ioana\" \/>\n\t<meta name=\"twitter:label2\" content=\"Est. reading time\" \/>\n\t<meta name=\"twitter:data2\" content=\"1 minute\" \/>\n<script type=\"application\/ld+json\" class=\"yoast-schema-graph\">{\"@context\":\"https:\/\/schema.org\",\"@graph\":[{\"@type\":\"Article\",\"@id\":\"https:\/\/rentado.ro\/cat-costa-sa-inchiriezi-o-masina-in-bucuresti-tot-ce-trebuie-sa-stii-despre-tarife\/#article\",\"isPartOf\":{\"@id\":\"https:\/\/rentado.ro\/cat-costa-sa-inchiriezi-o-masina-in-bucuresti-tot-ce-trebuie-sa-stii-despre-tarife\/\"},\"author\":{\"name\":\"Dosinescu Ioana\",\"@id\":\"https:\/\/rentado.ro\/#\/schema\/person\/fd082d67790137b4fc2a7a6de2926533\"},\"headline\":\"C\u00e2t cost\u0103 s\u0103 \u00eenchiriezi o ma\u0219in\u0103 \u00een Bucure\u0219ti? Tot ce trebuie s\u0103 \u0219tii despre tarife\",\"datePublished\":\"2025-02-11T07:35:00+00:00\",\"mainEntityOfPage\":{\"@id\":\"https:\/\/rentado.ro\/cat-costa-sa-inchiriezi-o-masina-in-bucuresti-tot-ce-trebuie-sa-stii-despre-tarife\/\"},\"wordCount\":629,\"commentCount\":0,\"publisher\":{\"@id\":\"https:\/\/rentado.ro\/#organization\"},\"image\":{\"@id\":\"https:\/\/rentado.ro\/cat-costa-sa-inchiriezi-o-masina-in-bucuresti-tot-ce-trebuie-sa-stii-despre-tarife\/#primaryimage\"},\"thumbnailUrl\":\"https:\/\/rentado.ro\/wp-content\/uploads\/2025\/02\/4A9A2406-scaled.jpg\",\"keywords\":[\"cat costa inchirierea de masini in bucuresti aeroport\"],\"articleSection\":[\"\u00cenchirieri auto\",\"Rent a car Bucuresti\"],\"inLanguage\":\"en-US\",\"potentialAction\":[{\"@type\":\"CommentAction\",\"name\":\"Comment\",\"target\":[\"https:\/\/rentado.ro\/cat-costa-sa-inchiriezi-o-masina-in-bucuresti-tot-ce-trebuie-sa-stii-despre-tarife\/#respond\"]}]},{\"@type\":\"WebPage\",\"@id\":\"https:\/\/rentado.ro\/cat-costa-sa-inchiriezi-o-masina-in-bucuresti-tot-ce-trebuie-sa-stii-despre-tarife\/\",\"url\":\"https:\/\/rentado.ro\/cat-costa-sa-inchiriezi-o-masina-in-bucuresti-tot-ce-trebuie-sa-stii-despre-tarife\/\",\"name\":\"C\u00e2t Cost\u0103 s\u0103 \u00cenchiriezi o Ma\u0219in\u0103 \u00een Bucure\u0219ti? Ghid Complet\",\"isPartOf\":{\"@id\":\"https:\/\/rentado.ro\/#website\"},\"primaryImageOfPage\":{\"@id\":\"https:\/\/rentado.ro\/cat-costa-sa-inchiriezi-o-masina-in-bucuresti-tot-ce-trebuie-sa-stii-despre-tarife\/#primaryimage\"},\"image\":{\"@id\":\"https:\/\/rentado.ro\/cat-costa-sa-inchiriezi-o-masina-in-bucuresti-tot-ce-trebuie-sa-stii-despre-tarife\/#primaryimage\"},\"thumbnailUrl\":\"https:\/\/rentado.ro\/wp-content\/uploads\/2025\/02\/4A9A2406-scaled.jpg\",\"datePublished\":\"2025-02-11T07:35:00+00:00\",\"description\":\"Afl\u0103 tot ce trebuie s\u0103 \u0219tii despre tarifele pentru \u00eenchirieri auto \u00een Bucure\u0219ti. Descoper\u0103 pre\u021buri, factori de influen\u021b\u0103 \u0219i sfaturi pentru economisire.\",\"breadcrumb\":{\"@id\":\"https:\/\/rentado.ro\/cat-costa-sa-inchiriezi-o-masina-in-bucuresti-tot-ce-trebuie-sa-stii-despre-tarife\/#breadcrumb\"},\"inLanguage\":\"en-US\",\"potentialAction\":[{\"@type\":\"ReadAction\",\"target\":[\"https:\/\/rentado.ro\/cat-costa-sa-inchiriezi-o-masina-in-bucuresti-tot-ce-trebuie-sa-stii-despre-tarife\/\"]}]},{\"@type\":\"ImageObject\",\"inLanguage\":\"en-US\",\"@id\":\"https:\/\/rentado.ro\/cat-costa-sa-inchiriezi-o-masina-in-bucuresti-tot-ce-trebuie-sa-stii-despre-tarife\/#primaryimage\",\"url\":\"https:\/\/rentado.ro\/wp-content\/uploads\/2025\/02\/4A9A2406-scaled.jpg\",\"contentUrl\":\"https:\/\/rentado.ro\/wp-content\/uploads\/2025\/02\/4A9A2406-scaled.jpg\",\"width\":2560,\"height\":1707,\"caption\":\"rentado- inchirieri masini otopeni\"},{\"@type\":\"BreadcrumbList\",\"@id\":\"https:\/\/rentado.ro\/cat-costa-sa-inchiriezi-o-masina-in-bucuresti-tot-ce-trebuie-sa-stii-despre-tarife\/#breadcrumb\",\"itemListElement\":[{\"@type\":\"ListItem\",\"position\":1,\"name\":\"Prima pagin\u0103\",\"item\":\"https:\/\/rentado.ro\/\"},{\"@type\":\"ListItem\",\"position\":2,\"name\":\"C\u00e2t cost\u0103 s\u0103 \u00eenchiriezi o ma\u0219in\u0103 \u00een Bucure\u0219ti? Tot ce trebuie s\u0103 \u0219tii despre tarife\"}]},{\"@type\":\"WebSite\",\"@id\":\"https:\/\/rentado.ro\/#website\",\"url\":\"https:\/\/rentado.ro\/\",\"name\":\"Rentado - Inchirieri Auto Otopeni\",\"description\":\"Your Mobility Partner\",\"publisher\":{\"@id\":\"https:\/\/rentado.ro\/#organization\"},\"alternateName\":\"Inchirieri masini Otopeni\",\"potentialAction\":[{\"@type\":\"SearchAction\",\"target\":{\"@type\":\"EntryPoint\",\"urlTemplate\":\"https:\/\/rentado.ro\/?s={search_term_string}\"},\"query-input\":{\"@type\":\"PropertyValueSpecification\",\"valueRequired\":true,\"valueName\":\"search_term_string\"}}],\"inLanguage\":\"en-US\"},{\"@type\":\"Organization\",\"@id\":\"https:\/\/rentado.ro\/#organization\",\"name\":\"TTR MOBILITY NETWORK SRL\",\"alternateName\":\"Rentado\",\"url\":\"https:\/\/rentado.ro\/\",\"logo\":{\"@type\":\"ImageObject\",\"inLanguage\":\"en-US\",\"@id\":\"https:\/\/rentado.ro\/#\/schema\/logo\/image\/\",\"url\":\"https:\/\/rentado.ro\/wp-content\/uploads\/2024\/04\/rentado-686.png\",\"contentUrl\":\"https:\/\/rentado.ro\/wp-content\/uploads\/2024\/04\/rentado-686.png\",\"width\":696,\"height\":696,\"caption\":\"TTR MOBILITY NETWORK SRL\"},\"image\":{\"@id\":\"https:\/\/rentado.ro\/#\/schema\/logo\/image\/\"}},{\"@type\":\"Person\",\"@id\":\"https:\/\/rentado.ro\/#\/schema\/person\/fd082d67790137b4fc2a7a6de2926533\",\"name\":\"Dosinescu Ioana\",\"image\":{\"@type\":\"ImageObject\",\"inLanguage\":\"en-US\",\"@id\":\"https:\/\/rentado.ro\/#\/schema\/person\/image\/\",\"url\":\"https:\/\/rentado.ro\/wp-content\/litespeed\/avatar\/4b725e7fd2fe470b2e00a74b87e2f04c.jpg?ver=1777442678\",\"contentUrl\":\"https:\/\/rentado.ro\/wp-content\/litespeed\/avatar\/4b725e7fd2fe470b2e00a74b87e2f04c.jpg?ver=1777442678\",\"caption\":\"Dosinescu Ioana\"},\"url\":\"https:\/\/rentado.ro\/en\/author\/ioana\/\"}]}<\/script>\n<!-- \/ Yoast SEO plugin. -->","yoast_head_json":{"title":"How Much Does It Cost to Rent a Car in Bucharest? Complete Guide","description":"Everything you need to know about car rental rates in Bucharest. Discover prices, influencing factors and tips for saving.","robots":{"index":"index","follow":"follow","max-snippet":"max-snippet:-1","max-image-preview":"max-image-preview:large","max-video-preview":"max-video-preview:-1"},"canonical":"https:\/\/rentado.ro\/en\/how-much-does-it-cost-to-rent-a-car-in-bucuresti-everything-you-need-to-know-about-rates\/","og_locale":"en_US","og_type":"article","og_title":"C\u00e2t Cost\u0103 s\u0103 \u00cenchiriezi o Ma\u0219in\u0103 \u00een Bucure\u0219ti? Ghid Complet","og_description":"Afl\u0103 tot ce trebuie s\u0103 \u0219tii despre tarifele pentru \u00eenchirieri auto \u00een Bucure\u0219ti. Descoper\u0103 pre\u021buri, factori de influen\u021b\u0103 \u0219i sfaturi pentru economisire.","og_url":"https:\/\/rentado.ro\/en\/how-much-does-it-cost-to-rent-a-car-in-bucuresti-everything-you-need-to-know-about-rates\/","og_site_name":"Rentado - Inchirieri Auto Otopeni","article_published_time":"2025-02-11T07:35:00+00:00","og_image":[{"width":2560,"height":1707,"url":"https:\/\/rentado.ro\/wp-content\/uploads\/2025\/02\/4A9A2406-scaled.jpg","type":"image\/jpeg"}],"author":"Dosinescu Ioana","twitter_card":"summary_large_image","twitter_misc":{"Written by":"Dosinescu Ioana","Est. reading time":"1 minute"},"schema":{"@context":"https:\/\/schema.org","@graph":[{"@type":"Article","@id":"https:\/\/rentado.ro\/cat-costa-sa-inchiriezi-o-masina-in-bucuresti-tot-ce-trebuie-sa-stii-despre-tarife\/#article","isPartOf":{"@id":"https:\/\/rentado.ro\/cat-costa-sa-inchiriezi-o-masina-in-bucuresti-tot-ce-trebuie-sa-stii-despre-tarife\/"},"author":{"name":"Dosinescu Ioana","@id":"https:\/\/rentado.ro\/#\/schema\/person\/fd082d67790137b4fc2a7a6de2926533"},"headline":"C\u00e2t cost\u0103 s\u0103 \u00eenchiriezi o ma\u0219in\u0103 \u00een Bucure\u0219ti? Tot ce trebuie s\u0103 \u0219tii despre tarife","datePublished":"2025-02-11T07:35:00+00:00","mainEntityOfPage":{"@id":"https:\/\/rentado.ro\/cat-costa-sa-inchiriezi-o-masina-in-bucuresti-tot-ce-trebuie-sa-stii-despre-tarife\/"},"wordCount":629,"commentCount":0,"publisher":{"@id":"https:\/\/rentado.ro\/#organization"},"image":{"@id":"https:\/\/rentado.ro\/cat-costa-sa-inchiriezi-o-masina-in-bucuresti-tot-ce-trebuie-sa-stii-despre-tarife\/#primaryimage"},"thumbnailUrl":"https:\/\/rentado.ro\/wp-content\/uploads\/2025\/02\/4A9A2406-scaled.jpg","keywords":["cat costa inchirierea de masini in bucuresti aeroport"],"articleSection":["\u00cenchirieri auto","Rent a car Bucuresti"],"inLanguage":"en-US","potentialAction":[{"@type":"CommentAction","name":"Comment","target":["https:\/\/rentado.ro\/cat-costa-sa-inchiriezi-o-masina-in-bucuresti-tot-ce-trebuie-sa-stii-despre-tarife\/#respond"]}]},{"@type":"WebPage","@id":"https:\/\/rentado.ro\/cat-costa-sa-inchiriezi-o-masina-in-bucuresti-tot-ce-trebuie-sa-stii-despre-tarife\/","url":"https:\/\/rentado.ro\/cat-costa-sa-inchiriezi-o-masina-in-bucuresti-tot-ce-trebuie-sa-stii-despre-tarife\/","name":"How Much Does It Cost to Rent a Car in Bucharest? Complete Guide","isPartOf":{"@id":"https:\/\/rentado.ro\/#website"},"primaryImageOfPage":{"@id":"https:\/\/rentado.ro\/cat-costa-sa-inchiriezi-o-masina-in-bucuresti-tot-ce-trebuie-sa-stii-despre-tarife\/#primaryimage"},"image":{"@id":"https:\/\/rentado.ro\/cat-costa-sa-inchiriezi-o-masina-in-bucuresti-tot-ce-trebuie-sa-stii-despre-tarife\/#primaryimage"},"thumbnailUrl":"https:\/\/rentado.ro\/wp-content\/uploads\/2025\/02\/4A9A2406-scaled.jpg","datePublished":"2025-02-11T07:35:00+00:00","description":"Everything you need to know about car rental rates in Bucharest. Discover prices, influencing factors and tips for saving.","breadcrumb":{"@id":"https:\/\/rentado.ro\/cat-costa-sa-inchiriezi-o-masina-in-bucuresti-tot-ce-trebuie-sa-stii-despre-tarife\/#breadcrumb"},"inLanguage":"en-US","potentialAction":[{"@type":"ReadAction","target":["https:\/\/rentado.ro\/cat-costa-sa-inchiriezi-o-masina-in-bucuresti-tot-ce-trebuie-sa-stii-despre-tarife\/"]}]},{"@type":"ImageObject","inLanguage":"en-US","@id":"https:\/\/rentado.ro\/cat-costa-sa-inchiriezi-o-masina-in-bucuresti-tot-ce-trebuie-sa-stii-despre-tarife\/#primaryimage","url":"https:\/\/rentado.ro\/wp-content\/uploads\/2025\/02\/4A9A2406-scaled.jpg","contentUrl":"https:\/\/rentado.ro\/wp-content\/uploads\/2025\/02\/4A9A2406-scaled.jpg","width":2560,"height":1707,"caption":"rentado- inchirieri masini otopeni"},{"@type":"BreadcrumbList","@id":"https:\/\/rentado.ro\/cat-costa-sa-inchiriezi-o-masina-in-bucuresti-tot-ce-trebuie-sa-stii-despre-tarife\/#breadcrumb","itemListElement":[{"@type":"ListItem","position":1,"name":"Prima pagin\u0103","item":"https:\/\/rentado.ro\/"},{"@type":"ListItem","position":2,"name":"C\u00e2t cost\u0103 s\u0103 \u00eenchiriezi o ma\u0219in\u0103 \u00een Bucure\u0219ti? Tot ce trebuie s\u0103 \u0219tii despre tarife"}]},{"@type":"WebSite","@id":"https:\/\/rentado.ro\/#website","url":"https:\/\/rentado.ro\/","name":"Rentado - Rent a Car Otopeni","description":"Your Mobility Partner","publisher":{"@id":"https:\/\/rentado.ro\/#organization"},"alternateName":"Inchirieri masini Otopeni","potentialAction":[{"@type":"SearchAction","target":{"@type":"EntryPoint","urlTemplate":"https:\/\/rentado.ro\/?s={search_term_string}"},"query-input":{"@type":"PropertyValueSpecification","valueRequired":true,"valueName":"search_term_string"}}],"inLanguage":"en-US"},{"@type":"Organization","@id":"https:\/\/rentado.ro\/#organization","name":"TTR MOBILITY NETWORK SRL","alternateName":"Rentado","url":"https:\/\/rentado.ro\/","logo":{"@type":"ImageObject","inLanguage":"en-US","@id":"https:\/\/rentado.ro\/#\/schema\/logo\/image\/","url":"https:\/\/rentado.ro\/wp-content\/uploads\/2024\/04\/rentado-686.png","contentUrl":"https:\/\/rentado.ro\/wp-content\/uploads\/2024\/04\/rentado-686.png","width":696,"height":696,"caption":"TTR MOBILITY NETWORK SRL"},"image":{"@id":"https:\/\/rentado.ro\/#\/schema\/logo\/image\/"}},{"@type":"Person","@id":"https:\/\/rentado.ro\/#\/schema\/person\/fd082d67790137b4fc2a7a6de2926533","name":"Dosinescu Ioana","image":{"@type":"ImageObject","inLanguage":"en-US","@id":"https:\/\/rentado.ro\/#\/schema\/person\/image\/","url":"https:\/\/rentado.ro\/wp-content\/litespeed\/avatar\/4b725e7fd2fe470b2e00a74b87e2f04c.jpg?ver=1777442678","contentUrl":"https:\/\/rentado.ro\/wp-content\/litespeed\/avatar\/4b725e7fd2fe470b2e00a74b87e2f04c.jpg?ver=1777442678","caption":"Dosinescu Ioana"},"url":"https:\/\/rentado.ro\/en\/author\/ioana\/"}]}},"_links":{"self":[{"href":"https:\/\/rentado.ro\/en\/wp-json\/wp\/v2\/posts\/5458","targetHints":{"allow":["GET"]}}],"collection":[{"href":"https:\/\/rentado.ro\/en\/wp-json\/wp\/v2\/posts"}],"about":[{"href":"https:\/\/rentado.ro\/en\/wp-json\/wp\/v2\/types\/post"}],"author":[{"embeddable":true,"href":"https:\/\/rentado.ro\/en\/wp-json\/wp\/v2\/users\/2"}],"replies":[{"embeddable":true,"href":"https:\/\/rentado.ro\/en\/wp-json\/wp\/v2\/comments?post=5458"}],"version-history":[{"count":1,"href":"https:\/\/rentado.ro\/en\/wp-json\/wp\/v2\/posts\/5458\/revisions"}],"predecessor-version":[{"id":5461,"href":"https:\/\/rentado.ro\/en\/wp-json\/wp\/v2\/posts\/5458\/revisions\/5461"}],"wp:featuredmedia":[{"embeddable":true,"href":"https:\/\/rentado.ro\/en\/wp-json\/wp\/v2\/media\/5459"}],"wp:attachment":[{"href":"https:\/\/rentado.ro\/en\/wp-json\/wp\/v2\/media?parent=5458"}],"wp:term":[{"taxonomy":"category","embeddable":true,"href":"https:\/\/rentado.ro\/en\/wp-json\/wp\/v2\/categories?post=5458"},{"taxonomy":"post_tag","embeddable":true,"href":"https:\/\/rentado.ro\/en\/wp-json\/wp\/v2\/tags?post=5458"}],"curies":[{"name":"wp","href":"https:\/\/api.w.org\/{rel}","templated":true}]}}