{"id":5454,"date":"2025-02-10T09:50:44","date_gmt":"2025-02-10T07:50:44","guid":{"rendered":"https:\/\/rentado.ro\/?p=5454"},"modified":"2025-02-10T09:50:44","modified_gmt":"2025-02-10T07:50:44","slug":"travel-often-discover-the-benefits-of-long-term-car-rental","status":"publish","type":"post","link":"https:\/\/rentado.ro\/en\/calatoresti-des-descopera-beneficiile-inchirierii-auto-pe-termen-lung\/","title":{"rendered":"Do you travel often? Discover the benefits of long-term car rental"},"content":{"rendered":"\n<p>Dac\u0103 ai nevoie frecvent de o ma\u0219in\u0103, fie pentru afaceri, fie pentru c\u0103l\u0103torii personale, \u00eenchirierea auto pe termen lung poate fi o solu\u021bie ideal\u0103. Rentado ofer\u0103 servicii flexibile \u0219i avantajoase pentru cei care doresc s\u0103 \u00eenchirieze o ma\u0219in\u0103 pe o perioad\u0103 mai lung\u0103, elimin\u00e2nd costurile \u0219i stresul \u00eentre\u021binerii unui autoturism propriu.<\/p>\n\n\n\n<h3 class=\"wp-block-heading\">Costuri reduse \u0219i predictibile<\/h3>\n\n\n\n<p>\u00cenchirierea auto pe termen lung este adesea mai avantajoas\u0103 dec\u00e2t achizi\u021bionarea unei ma\u0219ini noi. Pl\u0103te\u0219ti o sum\u0103 fix\u0103 lunar\u0103, f\u0103r\u0103 a-\u021bi face griji pentru deprecierea vehiculului, impozite sau asigur\u0103ri suplimentare.<\/p>\n\n\n\n<h4 class=\"wp-block-heading\">De ce s\u0103 alegi \u00eenchirierea auto pe termen lung \u00een locul cump\u0103r\u0103rii?<\/h4>\n\n\n\n<ul class=\"wp-block-list\">\n<li>Nu e\u0219ti afectat de deprecierea valorii ma\u0219inii.<\/li>\n\n\n\n<li>Nu trebuie s\u0103 pl\u0103te\u0219ti asigur\u0103ri costisitoare pe cont propriu.<\/li>\n\n\n\n<li>Nu ai cheltuieli neprev\u0103zute pentru \u00eentre\u021binere \u0219i repara\u021bii.<\/li>\n\n\n\n<li>Ai acces la modele de ma\u0219ini noi \u0219i moderne f\u0103r\u0103 investi\u021bii majore.<\/li>\n<\/ul>\n\n\n<div class=\"widget widget_mod_vikrentcar_cars\" id=\"mod_vikrentcar_cars_1\"><div class=\"vrcmodcarsgridcontainer column-container container-fluid\">\n\t<div>\n\t\t<div id=\"vrc-modcars-318\" class=\"vrcmodcarsgridcont-items vrcmodcarsgridhorizontal row-fluid\">\n\t\t\t\t\t<div class=\"vrc-modcars-item vrc-modcars-grid-item\" style=\"width: 25%;\" data-groups='[\"5 locuri, Km nelimitati, Manuala\"]'>\n\n\t\t\t\t<figure class=\"vrcmodcarsgridcont-item\">\n\t\t\t\t\t<div class=\"vrcmodcarsgridboxdiv\">\t\n\t\t\t\t\t\t\t\t\t\t\t\t<a href=\"https:\/\/rentado.ro\/en\/calatoresti-des-descopera-beneficiile-inchirierii-auto-pe-termen-lung\/?option=com_vikrentcar&amp;view=cardetails&amp;carid=9\" title=\"Renault Clio Hatchback sau Break Manuala\"><img decoding=\"async\" src=\"https:\/\/rentado.ro\/wp-content\/plugins\/vikrentcar\/admin\/resources\/clio_hatchback.png\" alt=\"Renault Clio Hatchback sau Break Manuala\" class=\"vrcmodcarsgridimg\"\/><\/a>\n\t\t\t\t\t\t\t\t\t\t\t\t<div class=\"vrcmodcarsgrid-item_details\">\n\t\t\t\t\t\t\t\t\t\t\t\t<div class=\"vrcmodcarsgrid-item_cat\">5 locuri, Km nelimitati, Manuala<\/div>\n\t\t\t\t\t\t\t\t\t\t\t\t<figcaption class=\"vrcmodcarsgrid-item_title\">Renault Clio Hatchback sau Break Manuala<\/figcaption>\n\t\t\t\t        \t\t\t\t\t\t\t\t\t\t\t\t<div class=\"vrcmodcarsgrid-box-cost\">\n\t\t\t\t\t\t\t<span class=\"vrcmodcarsgridstartfrom\">Starting from<\/span>\n\t\t\t\t\t\t\t<span class=\"vrcmodcarsgridcarcost\"><span class=\"vrc_currency\">\u20ac<\/span> <span class=\"vrc_price\">26.00<\/span><\/span>\n\t\t\t\t\t\t<\/div>\n\t\t\t\t\t\t\t\t\t\t        <\/div>\n\t\t\t\t\t\t<div class=\"vrcmodcarsgridview\">\n\t\t\t\t\t\t\t<a class=\"btn btn-vrcmodcarsgrid-btn vrc-pref-color-btn\" href=\"https:\/\/rentado.ro\/en\/calatoresti-des-descopera-beneficiile-inchirierii-auto-pe-termen-lung\/?option=com_vikrentcar&amp;view=cardetails&amp;carid=9\" title=\"\">Continue<\/a>\n\t\t\t\t\t\t<\/div>\n\t\t\t\t\t\t<div class=\"vrcmodcarsgrid-item-btm\">\n\t\t\t\t\t\t\t<div class=\"vrcmodcarsgrid-item_carat\"><div class=\"vrccaratsdiv\"><div class=\"vrccarcarat\"><span class=\"vrc-carat-cont\"><span class=\"vrc-expl\" data-vrc-expl=\"5 LOCURI\"><img decoding=\"async\" src=\"https:\/\/rentado.ro\/wp-content\/plugins\/vikrentcar\/admin\/resources\/1r_user.png\" alt=\"5 Locuri\" \/><\/span><\/span>\n<\/div><div class=\"vrccarcarat\"><span class=\"vrc-carat-cont\"><span class=\"vrc-expl\" data-vrc-expl=\"BAGAJE X4\"><img decoding=\"async\" src=\"https:\/\/rentado.ro\/wp-content\/plugins\/vikrentcar\/admin\/resources\/1r_luggage.png\" alt=\"Bagaje X4\" \/><\/span><\/span>\n<\/div><div class=\"vrccarcarat\"><span class=\"vrc-carat-cont\"><span class=\"vrc-expl\" data-vrc-expl=\"Bluetooth\"><img decoding=\"async\" src=\"https:\/\/rentado.ro\/wp-content\/plugins\/vikrentcar\/admin\/resources\/r_bluetooth-icon-1494x2048-4obcamkt.png\" alt=\"Bluetooth\" \/><\/span><\/span>\n<\/div><div class=\"vrccarcarat\"><span class=\"vrc-carat-cont\"><img decoding=\"async\" src=\"https:\/\/rentado.ro\/wp-content\/plugins\/vikrentcar\/admin\/resources\/r_73882.png\" alt=\"CD player\" title=\"CD player\"\/><\/span>\n<\/div><\/div>\n<\/div>\n\t\t\t\t\t\t<\/div>\n\t\t\t\t\t<\/div>\t\n\t\t\t\t<\/figure>\n\t\t\t<\/div>\n\t\t\t\t\t\t<div class=\"vrc-modcars-item vrc-modcars-grid-item\" style=\"width: 25%;\" data-groups='[\"5 locuri, Km nelimitati, Manuala\"]'>\n\n\t\t\t\t<figure class=\"vrcmodcarsgridcont-item\">\n\t\t\t\t\t<div class=\"vrcmodcarsgridboxdiv\">\t\n\t\t\t\t\t\t\t\t\t\t\t\t<a href=\"https:\/\/rentado.ro\/en\/calatoresti-des-descopera-beneficiile-inchirierii-auto-pe-termen-lung\/?option=com_vikrentcar&amp;view=cardetails&amp;carid=13\" title=\"Dacia Logan Manuala\"><img decoding=\"async\" src=\"https:\/\/rentado.ro\/wp-content\/plugins\/vikrentcar\/admin\/resources\/1vthumb_rentado-dacia-manuala.jpg\" alt=\"Dacia Logan Manuala\" class=\"vrcmodcarsgridimg\"\/><\/a>\n\t\t\t\t\t\t\t\t\t\t\t\t<div class=\"vrcmodcarsgrid-item_details\">\n\t\t\t\t\t\t\t\t\t\t\t\t<div class=\"vrcmodcarsgrid-item_cat\">5 locuri, Km nelimitati, Manuala<\/div>\n\t\t\t\t\t\t\t\t\t\t\t\t<figcaption class=\"vrcmodcarsgrid-item_title\">Dacia Logan Manuala<\/figcaption>\n\t\t\t\t        \t\t\t\t\t\t\t\t\t\t\t\t<div class=\"vrcmodcarsgrid-box-cost\">\n\t\t\t\t\t\t\t<span class=\"vrcmodcarsgridstartfrom\">Starting from<\/span>\n\t\t\t\t\t\t\t<span class=\"vrcmodcarsgridcarcost\"><span class=\"vrc_currency\">\u20ac<\/span> <span class=\"vrc_price\">26.00<\/span><\/span>\n\t\t\t\t\t\t<\/div>\n\t\t\t\t\t\t\t\t\t\t        <\/div>\n\t\t\t\t\t\t<div class=\"vrcmodcarsgridview\">\n\t\t\t\t\t\t\t<a class=\"btn btn-vrcmodcarsgrid-btn vrc-pref-color-btn\" href=\"https:\/\/rentado.ro\/en\/calatoresti-des-descopera-beneficiile-inchirierii-auto-pe-termen-lung\/?option=com_vikrentcar&amp;view=cardetails&amp;carid=13\" title=\"\">Continue<\/a>\n\t\t\t\t\t\t<\/div>\n\t\t\t\t\t\t<div class=\"vrcmodcarsgrid-item-btm\">\n\t\t\t\t\t\t\t<div class=\"vrcmodcarsgrid-item_carat\"><div class=\"vrccaratsdiv\"><div class=\"vrccarcarat\"><span class=\"vrc-carat-cont\"><span class=\"vrc-expl\" data-vrc-expl=\"5 LOCURI\"><img decoding=\"async\" src=\"https:\/\/rentado.ro\/wp-content\/plugins\/vikrentcar\/admin\/resources\/1r_user.png\" alt=\"5 Locuri\" \/><\/span><\/span>\n<\/div><div class=\"vrccarcarat\"><span class=\"vrc-carat-cont\"><span class=\"vrc-expl\" data-vrc-expl=\"BAGAJE X4\"><img decoding=\"async\" src=\"https:\/\/rentado.ro\/wp-content\/plugins\/vikrentcar\/admin\/resources\/1r_luggage.png\" alt=\"Bagaje X4\" \/><\/span><\/span>\n<\/div><div class=\"vrccarcarat\"><span class=\"vrc-carat-cont\"><span class=\"vrc-expl\" data-vrc-expl=\"Bluetooth\"><img decoding=\"async\" src=\"https:\/\/rentado.ro\/wp-content\/plugins\/vikrentcar\/admin\/resources\/r_bluetooth-icon-1494x2048-4obcamkt.png\" alt=\"Bluetooth\" \/><\/span><\/span>\n<\/div><div class=\"vrccarcarat\"><span class=\"vrc-carat-cont\"><img decoding=\"async\" src=\"https:\/\/rentado.ro\/wp-content\/plugins\/vikrentcar\/admin\/resources\/r_73882.png\" alt=\"CD player\" title=\"CD player\"\/><\/span>\n<\/div><\/div>\n<\/div>\n\t\t\t\t\t\t<\/div>\n\t\t\t\t\t<\/div>\t\n\t\t\t\t<\/figure>\n\t\t\t<\/div>\n\t\t\t\t\t\t<div class=\"vrc-modcars-item vrc-modcars-grid-item\" style=\"width: 25%;\" data-groups='[\"Manuala\"]'>\n\n\t\t\t\t<figure class=\"vrcmodcarsgridcont-item\">\n\t\t\t\t\t<div class=\"vrcmodcarsgridboxdiv\">\t\n\t\t\t\t\t\t\t\t\t\t\t\t<a href=\"https:\/\/rentado.ro\/en\/calatoresti-des-descopera-beneficiile-inchirierii-auto-pe-termen-lung\/?option=com_vikrentcar&amp;view=cardetails&amp;carid=16\" title=\"Skoda Rapid Manuala\"><img decoding=\"async\" src=\"https:\/\/rentado.ro\/wp-content\/plugins\/vikrentcar\/admin\/resources\/1skoda-manual.jpg\" alt=\"Skoda Rapid Manuala\" class=\"vrcmodcarsgridimg\"\/><\/a>\n\t\t\t\t\t\t\t\t\t\t\t\t<div class=\"vrcmodcarsgrid-item_details\">\n\t\t\t\t\t\t\t\t\t\t\t\t<div class=\"vrcmodcarsgrid-item_cat\">Manuala<\/div>\n\t\t\t\t\t\t\t\t\t\t\t\t<figcaption class=\"vrcmodcarsgrid-item_title\">Skoda Rapid Manuala<\/figcaption>\n\t\t\t\t        \t\t\t\t\t\t\t\t\t\t\t\t<div class=\"vrcmodcarsgrid-box-cost\">\n\t\t\t\t\t\t\t<span class=\"vrcmodcarsgridstartfrom\">Starting from<\/span>\n\t\t\t\t\t\t\t<span class=\"vrcmodcarsgridcarcost\"><span class=\"vrc_currency\">\u20ac<\/span> <span class=\"vrc_price\">28.00<\/span><\/span>\n\t\t\t\t\t\t<\/div>\n\t\t\t\t\t\t\t\t\t\t        <\/div>\n\t\t\t\t\t\t<div class=\"vrcmodcarsgridview\">\n\t\t\t\t\t\t\t<a class=\"btn btn-vrcmodcarsgrid-btn vrc-pref-color-btn\" href=\"https:\/\/rentado.ro\/en\/calatoresti-des-descopera-beneficiile-inchirierii-auto-pe-termen-lung\/?option=com_vikrentcar&amp;view=cardetails&amp;carid=16\" title=\"\">Continue<\/a>\n\t\t\t\t\t\t<\/div>\n\t\t\t\t\t\t<div class=\"vrcmodcarsgrid-item-btm\">\n\t\t\t\t\t\t\t<div class=\"vrcmodcarsgrid-item_carat\"><div class=\"vrccaratsdiv\"><div class=\"vrccarcarat\"><span class=\"vrc-carat-cont\"><span class=\"vrc-expl\" data-vrc-expl=\"5 LOCURI\"><img decoding=\"async\" src=\"https:\/\/rentado.ro\/wp-content\/plugins\/vikrentcar\/admin\/resources\/1r_user.png\" alt=\"5 Locuri\" \/><\/span><\/span>\n<\/div><div class=\"vrccarcarat\"><span class=\"vrc-carat-cont\"><span class=\"vrc-expl\" data-vrc-expl=\"BAGAJE X4\"><img decoding=\"async\" src=\"https:\/\/rentado.ro\/wp-content\/plugins\/vikrentcar\/admin\/resources\/1r_luggage.png\" alt=\"Bagaje X4\" \/><\/span><\/span>\n<\/div><div class=\"vrccarcarat\"><span class=\"vrc-carat-cont\"><span class=\"vrc-expl\" data-vrc-expl=\"Bluetooth\"><img decoding=\"async\" src=\"https:\/\/rentado.ro\/wp-content\/plugins\/vikrentcar\/admin\/resources\/r_bluetooth-icon-1494x2048-4obcamkt.png\" alt=\"Bluetooth\" \/><\/span><\/span>\n<\/div><div class=\"vrccarcarat\"><span class=\"vrc-carat-cont\"><img decoding=\"async\" src=\"https:\/\/rentado.ro\/wp-content\/plugins\/vikrentcar\/admin\/resources\/r_73882.png\" alt=\"CD player\" title=\"CD player\"\/><\/span>\n<\/div><\/div>\n<\/div>\n\t\t\t\t\t\t<\/div>\n\t\t\t\t\t<\/div>\t\n\t\t\t\t<\/figure>\n\t\t\t<\/div>\n\t\t\t\t\t\t<div class=\"vrc-modcars-item vrc-modcars-grid-item\" style=\"width: 25%;\" data-groups='[\"5 locuri, Automata, Km nelimitati\"]'>\n\n\t\t\t\t<figure class=\"vrcmodcarsgridcont-item\">\n\t\t\t\t\t<div class=\"vrcmodcarsgridboxdiv\">\t\n\t\t\t\t\t\t\t\t\t\t\t\t<a href=\"https:\/\/rentado.ro\/en\/calatoresti-des-descopera-beneficiile-inchirierii-auto-pe-termen-lung\/?option=com_vikrentcar&amp;view=cardetails&amp;carid=5\" title=\"Renault Captur Automat 2024\/2025\"><img decoding=\"async\" src=\"https:\/\/rentado.ro\/wp-content\/plugins\/vikrentcar\/admin\/resources\/1inchiriere-masina-renault-captur-2023.png\" alt=\"Renault Captur Automat 2024\/2025\" class=\"vrcmodcarsgridimg\"\/><\/a>\n\t\t\t\t\t\t\t\t\t\t\t\t<div class=\"vrcmodcarsgrid-item_details\">\n\t\t\t\t\t\t\t\t\t\t\t\t<div class=\"vrcmodcarsgrid-item_cat\">5 locuri, Automata, Km nelimitati<\/div>\n\t\t\t\t\t\t\t\t\t\t\t\t<figcaption class=\"vrcmodcarsgrid-item_title\">Renault Captur Automat 2024\/2025<\/figcaption>\n\t\t\t\t        \t\t\t\t\t\t\t\t\t\t\t\t<div class=\"vrcmodcarsgrid-box-cost\">\n\t\t\t\t\t\t\t<span class=\"vrcmodcarsgridstartfrom\">Starting from<\/span>\n\t\t\t\t\t\t\t<span class=\"vrcmodcarsgridcarcost\"><span class=\"vrc_currency\">\u20ac<\/span> <span class=\"vrc_price\">30.00<\/span><\/span>\n\t\t\t\t\t\t<\/div>\n\t\t\t\t\t\t\t\t\t\t        <\/div>\n\t\t\t\t\t\t<div class=\"vrcmodcarsgridview\">\n\t\t\t\t\t\t\t<a class=\"btn btn-vrcmodcarsgrid-btn vrc-pref-color-btn\" href=\"https:\/\/rentado.ro\/en\/calatoresti-des-descopera-beneficiile-inchirierii-auto-pe-termen-lung\/?option=com_vikrentcar&amp;view=cardetails&amp;carid=5\" title=\"\">Continue<\/a>\n\t\t\t\t\t\t<\/div>\n\t\t\t\t\t\t<div class=\"vrcmodcarsgrid-item-btm\">\n\t\t\t\t\t\t\t<div class=\"vrcmodcarsgrid-item_carat\"><div class=\"vrccaratsdiv\"><div class=\"vrccarcarat\"><span class=\"vrc-carat-cont\"><span class=\"vrc-expl\" data-vrc-expl=\"5 LOCURI\"><img decoding=\"async\" src=\"https:\/\/rentado.ro\/wp-content\/plugins\/vikrentcar\/admin\/resources\/1r_user.png\" alt=\"5 Locuri\" \/><\/span><\/span>\n<\/div><div class=\"vrccarcarat\"><span class=\"vrc-carat-cont\"><span class=\"vrc-expl\" data-vrc-expl=\"BAGAJE X4\"><img decoding=\"async\" src=\"https:\/\/rentado.ro\/wp-content\/plugins\/vikrentcar\/admin\/resources\/1r_luggage.png\" alt=\"Bagaje X4\" \/><\/span><\/span>\n<\/div><div class=\"vrccarcarat\"><span class=\"vrc-carat-cont\"><span class=\"vrc-expl\" data-vrc-expl=\"Bluetooth\"><img decoding=\"async\" src=\"https:\/\/rentado.ro\/wp-content\/plugins\/vikrentcar\/admin\/resources\/r_bluetooth-icon-1494x2048-4obcamkt.png\" alt=\"Bluetooth\" \/><\/span><\/span>\n<\/div><div class=\"vrccarcarat\"><span class=\"vrc-carat-cont\"><img decoding=\"async\" src=\"https:\/\/rentado.ro\/wp-content\/plugins\/vikrentcar\/admin\/resources\/r_73882.png\" alt=\"CD player\" title=\"CD player\"\/><\/span>\n<\/div><\/div>\n<\/div>\n\t\t\t\t\t\t<\/div>\n\t\t\t\t\t<\/div>\t\n\t\t\t\t<\/figure>\n\t\t\t<\/div>\n\t\t\t\t\t<\/div>\n\t<\/div>\n<\/div>\n\n<\/div><link rel='stylesheet' id='litespeed-cache-dummy-css' href='https:\/\/rentado.ro\/wp-content\/plugins\/litespeed-cache\/assets\/css\/litespeed-dummy.css' media='all' \/>\n<link rel='stylesheet' id='system-css-css' href='https:\/\/rentado.ro\/wp-content\/plugins\/vikrentcar\/admin\/resources\/css\/system.css' media='all' \/>\n<link rel='stylesheet' id='867f3b0a4b55b37e909bfccaa232d71a-css' href='https:\/\/rentado.ro\/wp-content\/plugins\/vikrentcar\/modules\/mod_vikrentcar_cars\/mod_vikrentcar_cars.css' media='all' \/>\n\n\n\n<h3 class=\"wp-block-heading\">F\u0103r\u0103 cheltuieli neprev\u0103zute<\/h3>\n\n\n\n<p>Ma\u0219inile Rentado sunt \u00eentre\u021binute regulat, iar toate costurile pentru service, asigurare \u0219i taxe sunt incluse \u00een pachet. Astfel, nu trebuie s\u0103 te preocupi de cheltuieli neprev\u0103zute.<\/p>\n\n\n\n<h4 class=\"wp-block-heading\">Ce cheltuieli sunt incluse?<\/h4>\n\n\n\n<ul class=\"wp-block-list\">\n<li>Revizii periodice \u0219i inspec\u021bii tehnice.<\/li>\n\n\n\n<li>Asigurare complet\u0103 \u0219i RCA.<\/li>\n\n\n\n<li>Taxele de drum \u0219i vigneta.<\/li>\n\n\n\n<li>Serviciu de \u00eenlocuire a ma\u0219inii \u00een caz de defec\u021biune.<\/li>\n<\/ul>\n\n\n\n<h3 class=\"wp-block-heading\">Flexibilitate maxim\u0103<\/h3>\n\n\n\n<p>Ai posibilitatea de a schimba modelul ma\u0219inii \u00een func\u021bie de nevoi, f\u0103r\u0103 a fi legat de un singur vehicul pentru o perioad\u0103 lung\u0103 de timp.<\/p>\n\n\n\n<h4 class=\"wp-block-heading\">Cum \u00ee\u021bi ofer\u0103 Rentado flexibilitate?<\/h4>\n\n\n\n<ul class=\"wp-block-list\">\n<li>Po\u021bi schimba ma\u0219ina cu un model mai mic sau mai mare, \u00een func\u021bie de necesit\u0103\u021bi.<\/li>\n\n\n\n<li>Po\u021bi alege un contract personalizat \u00een func\u021bie de perioada dorit\u0103.<\/li>\n\n\n\n<li>Nu trebuie s\u0103 te ocupi de v\u00e2nzarea unei ma\u0219ini vechi pentru a face upgrade.<\/li>\n<\/ul>\n\n\n\n<h3 class=\"wp-block-heading\">Confort \u0219i comoditate<\/h3>\n\n\n\n<p>Procesul de \u00eenchiriere este rapid \u0219i simplu, f\u0103r\u0103 birocra\u021bie inutil\u0103. Prime\u0219ti ma\u0219ina la loca\u021bia dorit\u0103, gata de utilizare, f\u0103r\u0103 s\u0103 pierzi timp cu \u00eenmatricul\u0103ri sau revizii tehnice.<\/p>\n\n\n\n<h4 class=\"wp-block-heading\">Beneficiile confortului oferit de Rentado:<\/h4>\n\n\n\n<ul class=\"wp-block-list\">\n<li>Ma\u0219ina este livrat\u0103 direct la loca\u021bia ta.<\/li>\n\n\n\n<li>Nu trebuie s\u0103 te ocupi de documenta\u021bie complicat\u0103.<\/li>\n\n\n\n<li>Po\u021bi prelua \u0219i returna ma\u0219ina \u00eentr-un loc convenabil.<\/li>\n<\/ul>\n\n\n\n<h3 class=\"wp-block-heading\">Acces la modele noi \u0219i variate<\/h3>\n\n\n\n<p>\u00cenchirierea pe termen lung \u00ee\u021bi ofer\u0103 posibilitatea de a conduce ma\u0219ini noi \u0219i moderne, f\u0103r\u0103 a investi sume mari de bani \u00een achizi\u021bionarea lor.<\/p>\n\n\n\n<h4 class=\"wp-block-heading\">Ce tipuri de ma\u0219ini po\u021bi \u00eenchiria?<\/h4>\n\n\n\n<ul class=\"wp-block-list\">\n<li>Ma\u0219ini economice pentru deplas\u0103ri zilnice.<\/li>\n\n\n\n<li>SUV-uri \u0219i ma\u0219ini premium pentru c\u0103l\u0103torii mai confortabile.<\/li>\n\n\n\n<li>Ma\u0219ini electrice sau hibride pentru un impact redus asupra mediului.<\/li>\n<\/ul>\n\n\n\n<h3 class=\"wp-block-heading\">Ideal pentru companii \u0219i antreprenori<\/h3>\n\n\n\n<p>Dac\u0103 de\u021bii o afacere \u0219i ai nevoie de o flot\u0103 auto, Rentado ofer\u0103 solu\u021bii personalizate pentru \u00eenchirieri pe termen lung, ajut\u00e2ndu-te s\u0103 optimizezi costurile.<\/p>\n\n\n\n<h4 class=\"wp-block-heading\">Avantajele pentru companii:<\/h4>\n\n\n\n<ul class=\"wp-block-list\">\n<li>Reducerea cheltuielilor administrative cu \u00eentre\u021binerea \u0219i repara\u021biile.<\/li>\n\n\n\n<li>Posibilitatea de a alege \u00eentre leasing opera\u021bional sau \u00eenchiriere flexibil\u0103.<\/li>\n\n\n\n<li>Flot\u0103 personalizat\u0103 \u00een func\u021bie de nevoile companiei tale.<\/li>\n<\/ul>\n\n\n\n<h3 class=\"wp-block-heading\">Siguran\u021b\u0103 \u0219i suport 24\/7<\/h3>\n\n\n\n<p>Toate ma\u0219inile Rentado sunt dotate cu asigurare complet\u0103 \u0219i service inclus, iar clien\u021bii beneficiaz\u0103 de suport tehnic non-stop.<\/p>\n\n\n\n<h4 class=\"wp-block-heading\">Ce beneficii ai?<\/h4>\n\n\n\n<ul class=\"wp-block-list\">\n<li>Serviciu de asisten\u021b\u0103 rutier\u0103 oriunde \u00een Rom\u00e2nia.<\/li>\n\n\n\n<li>Ma\u0219in\u0103 de schimb \u00een caz de defec\u021biune.<\/li>\n\n\n\n<li>Asigurare CASCO inclus\u0103 pentru orice eventualitate.<\/li>\n<\/ul>\n\n\n\n<h3 class=\"wp-block-heading\">Cum po\u021bi \u00eenchiria o ma\u0219in\u0103 pe termen lung?<\/h3>\n\n\n\n<ol start=\"1\" class=\"wp-block-list\">\n<li>Acceseaz\u0103 site-ul <a href=\"https:\/\/rentado.ro\">Rentado.ro<\/a><\/li>\n\n\n\n<li>Alege modelul dorit \u0219i perioada de \u00eenchiriere<\/li>\n\n\n\n<li>Completeaz\u0103 detaliile \u0219i finalizeaz\u0103 rezervarea<\/li>\n\n\n\n<li>Bucur\u0103-te de avantajele unei ma\u0219ini pe termen lung, f\u0103r\u0103 griji<\/li>\n<\/ol>\n\n\n\n<h3 class=\"wp-block-heading\">\u00centreb\u0103ri frecvente<\/h3>\n\n\n\n<h4 class=\"wp-block-heading\">1. Care este perioada minim\u0103 pentru \u00eenchirierea pe termen lung?<\/h4>\n\n\n\n<p>Perioada minim\u0103 pentru \u00eenchirierea pe termen lung este de 30 de zile.<\/p>\n\n\n\n<h4 class=\"wp-block-heading\">2. Ce documente sunt necesare?<\/h4>\n\n\n\n<p>Ai nevoie de un act de identitate \u0219i permis de conducere valabil.<\/p>\n\n\n\n<h4 class=\"wp-block-heading\">3. Pot schimba ma\u0219ina \u00een timpul contractului?<\/h4>\n\n\n\n<p>Da, Rentado \u00ee\u021bi ofer\u0103 flexibilitatea de a alege un alt model \u00een func\u021bie de nevoile tale.<\/p>\n\n\n\n<h4 class=\"wp-block-heading\">4. Ce costuri sunt incluse \u00een contract?<\/h4>\n\n\n\n<p>Tariful lunar include service-ul, asigurarea \u0219i asisten\u021ba rutier\u0103.<\/p>\n\n\n\n<h4 class=\"wp-block-heading\">5. Ce se \u00eent\u00e2mpl\u0103 dac\u0103 am nevoie de asisten\u021b\u0103 tehnic\u0103?<\/h4>\n\n\n\n<p>Rentado ofer\u0103 suport 24\/7 pentru orice problem\u0103 tehnic\u0103 sau logistic\u0103.<\/p>\n\n\n\n<h3 class=\"wp-block-heading\">Recenzii ale clien\u021bilor Rentado<\/h3>\n\n\n\n<h4 class=\"wp-block-heading\">Andrei M. &#8211; \u2b50\u2b50\u2b50\u2b50\u2b50<\/h4>\n\n\n\n<p>&#8220;Am \u00eenchiriat un SUV pe termen lung \u0219i sunt foarte mul\u021bumit de serviciile Rentado. Costurile sunt fixe, f\u0103r\u0103 surprize nepl\u0103cute, iar suportul oferit este excelent. Recomand cu \u00eencredere!&#8221;<\/p>\n\n\n\n<h4 class=\"wp-block-heading\">Elena P. &#8211; \u2b50\u2b50\u2b50\u2b50\u2b50<\/h4>\n\n\n\n<p>&#8220;Pentru afacerea mea, \u00eenchirierea pe termen lung a fost cea mai bun\u0103 alegere. Am o flot\u0103 de ma\u0219ini moderne, iar Rentado se ocup\u0103 de tot. Un serviciu eficient \u0219i de calitate.&#8221;<\/p>\n\n\n\n<h4 class=\"wp-block-heading\">Marius T. &#8211; \u2b50\u2b50\u2b50\u2b50\u2b50<\/h4>\n\n\n\n<p>&#8220;Am ales Rentado pentru c\u0103 nu voiam s\u0103 blochez o sum\u0103 mare \u00eentr-o ma\u0219in\u0103 nou\u0103. Acum conduc un model modern, iar cheltuielile sunt mai mici dec\u00e2t dac\u0103 l-a\u0219 fi cump\u0103rat. O solu\u021bie inteligent\u0103!&#8221;<\/p>\n\n\n\n<h3 class=\"wp-block-heading\">Contact Rentado<\/h3>\n\n\n\n<ul class=\"wp-block-list\">\n<li><strong>Telefon:<\/strong> (+40) 750442947<\/li>\n\n\n\n<li><strong>Email:<\/strong> <a>office@rentado.ro<\/a><\/li>\n\n\n\n<li><strong>Adres\u0103:<\/strong> Bucure\u0219ti, Aeroport Otopeni<\/li>\n<\/ul>\n\n\n\n<p>\u00cenchiriaz\u0103 acum o ma\u0219in\u0103 pe termen lung cu Rentado \u0219i bucur\u0103-te de libertate total\u0103 la condus!<\/p>\n","protected":false},"excerpt":{"rendered":"<p>\u00cenchirierea unei ma\u0219ini pe termen lung ofer\u0103 multiple beneficii, inclusiv costuri reduse, flexibilitate maxim\u0103 \u0219i acces la modele noi f\u0103r\u0103 griji suplimentare. Rentado elimin\u0103 cheltuielile neprev\u0103zute, asigur\u00e2nd service, asigurare \u0219i suport 24\/7. Este solu\u021bia ideal\u0103 pentru c\u0103l\u0103tori frecven\u021bi \u0219i companii care au nevoie de o flot\u0103 eficient\u0103 \u0219i bine \u00eentre\u021binut\u0103.<\/p>","protected":false},"author":2,"featured_media":5455,"comment_status":"open","ping_status":"open","sticky":false,"template":"","format":"standard","meta":{"footnotes":""},"categories":[16,127],"tags":[134,80],"class_list":["post-5454","post","type-post","status-publish","format-standard","has-post-thumbnail","hentry","category-inchirieri-auto","category-rent-a-car-bucuresti","tag-beneficii-inchiriere-auto-rentado-pe-termen-lung","tag-cea-mai-buna-firma-de-inchirieri-auto-bucuresti"],"yoast_head":"<!-- This site is optimized with the Yoast SEO plugin v27.1.1 - https:\/\/yoast.com\/product\/yoast-seo-wordpress\/ -->\n<title>\u00cenchirieri Auto pe Termen Lung - Flexibilitate \u0219i Costuri Reduse<\/title>\n<meta name=\"description\" content=\"Descoper\u0103 beneficiile \u00eenchirierii auto pe termen lung cu Rentado! F\u0103r\u0103 costuri ascunse, f\u0103r\u0103 stres \u0219i cu flexibilitate maxim\u0103\" \/>\n<meta name=\"robots\" content=\"index, follow, max-snippet:-1, max-image-preview:large, max-video-preview:-1\" \/>\n<link rel=\"canonical\" href=\"https:\/\/rentado.ro\/en\/travel-often-discover-the-benefits-of-long-term-car-rental\/\" \/>\n<meta property=\"og:locale\" content=\"en_US\" \/>\n<meta property=\"og:type\" content=\"article\" \/>\n<meta property=\"og:title\" content=\"\u00cenchirieri Auto pe Termen Lung - Flexibilitate \u0219i Costuri Reduse\" \/>\n<meta property=\"og:description\" content=\"Descoper\u0103 beneficiile \u00eenchirierii auto pe termen lung cu Rentado! F\u0103r\u0103 costuri ascunse, f\u0103r\u0103 stres \u0219i cu flexibilitate maxim\u0103\" \/>\n<meta property=\"og:url\" content=\"https:\/\/rentado.ro\/en\/travel-often-discover-the-benefits-of-long-term-car-rental\/\" \/>\n<meta property=\"og:site_name\" content=\"Rentado - Inchirieri Auto Otopeni\" \/>\n<meta property=\"article:published_time\" content=\"2025-02-10T07:50:44+00:00\" \/>\n<meta property=\"og:image\" content=\"https:\/\/rentado.ro\/wp-content\/uploads\/2025\/02\/rentado-masina-in-otopeni.jpg\" \/>\n\t<meta property=\"og:image:width\" content=\"1024\" \/>\n\t<meta property=\"og:image:height\" content=\"576\" \/>\n\t<meta property=\"og:image:type\" content=\"image\/jpeg\" \/>\n<meta name=\"author\" content=\"Dosinescu Ioana\" \/>\n<meta name=\"twitter:card\" content=\"summary_large_image\" \/>\n<meta name=\"twitter:label1\" content=\"Written by\" \/>\n\t<meta name=\"twitter:data1\" content=\"Dosinescu Ioana\" \/>\n\t<meta name=\"twitter:label2\" content=\"Est. reading time\" \/>\n\t<meta name=\"twitter:data2\" content=\"5 minutes\" \/>\n<script type=\"application\/ld+json\" class=\"yoast-schema-graph\">{\"@context\":\"https:\/\/schema.org\",\"@graph\":[{\"@type\":\"Article\",\"@id\":\"https:\/\/rentado.ro\/calatoresti-des-descopera-beneficiile-inchirierii-auto-pe-termen-lung\/#article\",\"isPartOf\":{\"@id\":\"https:\/\/rentado.ro\/calatoresti-des-descopera-beneficiile-inchirierii-auto-pe-termen-lung\/\"},\"author\":{\"name\":\"Dosinescu Ioana\",\"@id\":\"https:\/\/rentado.ro\/#\/schema\/person\/fd082d67790137b4fc2a7a6de2926533\"},\"headline\":\"C\u0103l\u0103tore\u0219ti des? Descoper\u0103 beneficiile \u00eenchirierii auto pe termen lung\",\"datePublished\":\"2025-02-10T07:50:44+00:00\",\"mainEntityOfPage\":{\"@id\":\"https:\/\/rentado.ro\/calatoresti-des-descopera-beneficiile-inchirierii-auto-pe-termen-lung\/\"},\"wordCount\":852,\"commentCount\":0,\"publisher\":{\"@id\":\"https:\/\/rentado.ro\/#organization\"},\"image\":{\"@id\":\"https:\/\/rentado.ro\/calatoresti-des-descopera-beneficiile-inchirierii-auto-pe-termen-lung\/#primaryimage\"},\"thumbnailUrl\":\"https:\/\/rentado.ro\/wp-content\/uploads\/2025\/02\/rentado-masina-in-otopeni.jpg\",\"keywords\":[\"beneficii inchiriere auto rentado pe termen lung\",\"cea mai buna firma de inchirieri auto bucuresti\"],\"articleSection\":[\"\u00cenchirieri auto\",\"Rent a car Bucuresti\"],\"inLanguage\":\"en-US\",\"potentialAction\":[{\"@type\":\"CommentAction\",\"name\":\"Comment\",\"target\":[\"https:\/\/rentado.ro\/calatoresti-des-descopera-beneficiile-inchirierii-auto-pe-termen-lung\/#respond\"]}]},{\"@type\":\"WebPage\",\"@id\":\"https:\/\/rentado.ro\/calatoresti-des-descopera-beneficiile-inchirierii-auto-pe-termen-lung\/\",\"url\":\"https:\/\/rentado.ro\/calatoresti-des-descopera-beneficiile-inchirierii-auto-pe-termen-lung\/\",\"name\":\"\u00cenchirieri Auto pe Termen Lung - Flexibilitate \u0219i Costuri Reduse\",\"isPartOf\":{\"@id\":\"https:\/\/rentado.ro\/#website\"},\"primaryImageOfPage\":{\"@id\":\"https:\/\/rentado.ro\/calatoresti-des-descopera-beneficiile-inchirierii-auto-pe-termen-lung\/#primaryimage\"},\"image\":{\"@id\":\"https:\/\/rentado.ro\/calatoresti-des-descopera-beneficiile-inchirierii-auto-pe-termen-lung\/#primaryimage\"},\"thumbnailUrl\":\"https:\/\/rentado.ro\/wp-content\/uploads\/2025\/02\/rentado-masina-in-otopeni.jpg\",\"datePublished\":\"2025-02-10T07:50:44+00:00\",\"description\":\"Descoper\u0103 beneficiile \u00eenchirierii auto pe termen lung cu Rentado! F\u0103r\u0103 costuri ascunse, f\u0103r\u0103 stres \u0219i cu flexibilitate maxim\u0103\",\"breadcrumb\":{\"@id\":\"https:\/\/rentado.ro\/calatoresti-des-descopera-beneficiile-inchirierii-auto-pe-termen-lung\/#breadcrumb\"},\"inLanguage\":\"en-US\",\"potentialAction\":[{\"@type\":\"ReadAction\",\"target\":[\"https:\/\/rentado.ro\/calatoresti-des-descopera-beneficiile-inchirierii-auto-pe-termen-lung\/\"]}]},{\"@type\":\"ImageObject\",\"inLanguage\":\"en-US\",\"@id\":\"https:\/\/rentado.ro\/calatoresti-des-descopera-beneficiile-inchirierii-auto-pe-termen-lung\/#primaryimage\",\"url\":\"https:\/\/rentado.ro\/wp-content\/uploads\/2025\/02\/rentado-masina-in-otopeni.jpg\",\"contentUrl\":\"https:\/\/rentado.ro\/wp-content\/uploads\/2025\/02\/rentado-masina-in-otopeni.jpg\",\"width\":1024,\"height\":576,\"caption\":\"masina de inchiriat in otopeni rentado\"},{\"@type\":\"BreadcrumbList\",\"@id\":\"https:\/\/rentado.ro\/calatoresti-des-descopera-beneficiile-inchirierii-auto-pe-termen-lung\/#breadcrumb\",\"itemListElement\":[{\"@type\":\"ListItem\",\"position\":1,\"name\":\"Prima pagin\u0103\",\"item\":\"https:\/\/rentado.ro\/\"},{\"@type\":\"ListItem\",\"position\":2,\"name\":\"C\u0103l\u0103tore\u0219ti des? Descoper\u0103 beneficiile \u00eenchirierii auto pe termen lung\"}]},{\"@type\":\"WebSite\",\"@id\":\"https:\/\/rentado.ro\/#website\",\"url\":\"https:\/\/rentado.ro\/\",\"name\":\"Rentado - Inchirieri Auto Otopeni\",\"description\":\"Your Mobility Partner\",\"publisher\":{\"@id\":\"https:\/\/rentado.ro\/#organization\"},\"alternateName\":\"Inchirieri masini Otopeni\",\"potentialAction\":[{\"@type\":\"SearchAction\",\"target\":{\"@type\":\"EntryPoint\",\"urlTemplate\":\"https:\/\/rentado.ro\/?s={search_term_string}\"},\"query-input\":{\"@type\":\"PropertyValueSpecification\",\"valueRequired\":true,\"valueName\":\"search_term_string\"}}],\"inLanguage\":\"en-US\"},{\"@type\":\"Organization\",\"@id\":\"https:\/\/rentado.ro\/#organization\",\"name\":\"TTR MOBILITY NETWORK SRL\",\"alternateName\":\"Rentado\",\"url\":\"https:\/\/rentado.ro\/\",\"logo\":{\"@type\":\"ImageObject\",\"inLanguage\":\"en-US\",\"@id\":\"https:\/\/rentado.ro\/#\/schema\/logo\/image\/\",\"url\":\"https:\/\/rentado.ro\/wp-content\/uploads\/2024\/04\/rentado-686.png\",\"contentUrl\":\"https:\/\/rentado.ro\/wp-content\/uploads\/2024\/04\/rentado-686.png\",\"width\":696,\"height\":696,\"caption\":\"TTR MOBILITY NETWORK SRL\"},\"image\":{\"@id\":\"https:\/\/rentado.ro\/#\/schema\/logo\/image\/\"}},{\"@type\":\"Person\",\"@id\":\"https:\/\/rentado.ro\/#\/schema\/person\/fd082d67790137b4fc2a7a6de2926533\",\"name\":\"Dosinescu Ioana\",\"image\":{\"@type\":\"ImageObject\",\"inLanguage\":\"en-US\",\"@id\":\"https:\/\/rentado.ro\/#\/schema\/person\/image\/\",\"url\":\"https:\/\/rentado.ro\/wp-content\/litespeed\/avatar\/4b725e7fd2fe470b2e00a74b87e2f04c.jpg?ver=1777442678\",\"contentUrl\":\"https:\/\/rentado.ro\/wp-content\/litespeed\/avatar\/4b725e7fd2fe470b2e00a74b87e2f04c.jpg?ver=1777442678\",\"caption\":\"Dosinescu Ioana\"},\"url\":\"https:\/\/rentado.ro\/en\/author\/ioana\/\"}]}<\/script>\n<!-- \/ Yoast SEO plugin. -->","yoast_head_json":{"title":"Long Term Car Hire - Flexibility and Low Costs","description":"Discover the benefits of long-term car rental with Rentado! No hidden costs, no stress and maximum flexibility","robots":{"index":"index","follow":"follow","max-snippet":"max-snippet:-1","max-image-preview":"max-image-preview:large","max-video-preview":"max-video-preview:-1"},"canonical":"https:\/\/rentado.ro\/en\/travel-often-discover-the-benefits-of-long-term-car-rental\/","og_locale":"en_US","og_type":"article","og_title":"\u00cenchirieri Auto pe Termen Lung - Flexibilitate \u0219i Costuri Reduse","og_description":"Descoper\u0103 beneficiile \u00eenchirierii auto pe termen lung cu Rentado! F\u0103r\u0103 costuri ascunse, f\u0103r\u0103 stres \u0219i cu flexibilitate maxim\u0103","og_url":"https:\/\/rentado.ro\/en\/travel-often-discover-the-benefits-of-long-term-car-rental\/","og_site_name":"Rentado - Inchirieri Auto Otopeni","article_published_time":"2025-02-10T07:50:44+00:00","og_image":[{"width":1024,"height":576,"url":"https:\/\/rentado.ro\/wp-content\/uploads\/2025\/02\/rentado-masina-in-otopeni.jpg","type":"image\/jpeg"}],"author":"Dosinescu Ioana","twitter_card":"summary_large_image","twitter_misc":{"Written by":"Dosinescu Ioana","Est. reading time":"5 minutes"},"schema":{"@context":"https:\/\/schema.org","@graph":[{"@type":"Article","@id":"https:\/\/rentado.ro\/calatoresti-des-descopera-beneficiile-inchirierii-auto-pe-termen-lung\/#article","isPartOf":{"@id":"https:\/\/rentado.ro\/calatoresti-des-descopera-beneficiile-inchirierii-auto-pe-termen-lung\/"},"author":{"name":"Dosinescu Ioana","@id":"https:\/\/rentado.ro\/#\/schema\/person\/fd082d67790137b4fc2a7a6de2926533"},"headline":"C\u0103l\u0103tore\u0219ti des? Descoper\u0103 beneficiile \u00eenchirierii auto pe termen lung","datePublished":"2025-02-10T07:50:44+00:00","mainEntityOfPage":{"@id":"https:\/\/rentado.ro\/calatoresti-des-descopera-beneficiile-inchirierii-auto-pe-termen-lung\/"},"wordCount":852,"commentCount":0,"publisher":{"@id":"https:\/\/rentado.ro\/#organization"},"image":{"@id":"https:\/\/rentado.ro\/calatoresti-des-descopera-beneficiile-inchirierii-auto-pe-termen-lung\/#primaryimage"},"thumbnailUrl":"https:\/\/rentado.ro\/wp-content\/uploads\/2025\/02\/rentado-masina-in-otopeni.jpg","keywords":["beneficii inchiriere auto rentado pe termen lung","cea mai buna firma de inchirieri auto bucuresti"],"articleSection":["\u00cenchirieri auto","Rent a car Bucuresti"],"inLanguage":"en-US","potentialAction":[{"@type":"CommentAction","name":"Comment","target":["https:\/\/rentado.ro\/calatoresti-des-descopera-beneficiile-inchirierii-auto-pe-termen-lung\/#respond"]}]},{"@type":"WebPage","@id":"https:\/\/rentado.ro\/calatoresti-des-descopera-beneficiile-inchirierii-auto-pe-termen-lung\/","url":"https:\/\/rentado.ro\/calatoresti-des-descopera-beneficiile-inchirierii-auto-pe-termen-lung\/","name":"Long Term Car Hire - Flexibility and Low Costs","isPartOf":{"@id":"https:\/\/rentado.ro\/#website"},"primaryImageOfPage":{"@id":"https:\/\/rentado.ro\/calatoresti-des-descopera-beneficiile-inchirierii-auto-pe-termen-lung\/#primaryimage"},"image":{"@id":"https:\/\/rentado.ro\/calatoresti-des-descopera-beneficiile-inchirierii-auto-pe-termen-lung\/#primaryimage"},"thumbnailUrl":"https:\/\/rentado.ro\/wp-content\/uploads\/2025\/02\/rentado-masina-in-otopeni.jpg","datePublished":"2025-02-10T07:50:44+00:00","description":"Discover the benefits of long-term car rental with Rentado! No hidden costs, no stress and maximum flexibility","breadcrumb":{"@id":"https:\/\/rentado.ro\/calatoresti-des-descopera-beneficiile-inchirierii-auto-pe-termen-lung\/#breadcrumb"},"inLanguage":"en-US","potentialAction":[{"@type":"ReadAction","target":["https:\/\/rentado.ro\/calatoresti-des-descopera-beneficiile-inchirierii-auto-pe-termen-lung\/"]}]},{"@type":"ImageObject","inLanguage":"en-US","@id":"https:\/\/rentado.ro\/calatoresti-des-descopera-beneficiile-inchirierii-auto-pe-termen-lung\/#primaryimage","url":"https:\/\/rentado.ro\/wp-content\/uploads\/2025\/02\/rentado-masina-in-otopeni.jpg","contentUrl":"https:\/\/rentado.ro\/wp-content\/uploads\/2025\/02\/rentado-masina-in-otopeni.jpg","width":1024,"height":576,"caption":"masina de inchiriat in otopeni rentado"},{"@type":"BreadcrumbList","@id":"https:\/\/rentado.ro\/calatoresti-des-descopera-beneficiile-inchirierii-auto-pe-termen-lung\/#breadcrumb","itemListElement":[{"@type":"ListItem","position":1,"name":"Prima pagin\u0103","item":"https:\/\/rentado.ro\/"},{"@type":"ListItem","position":2,"name":"C\u0103l\u0103tore\u0219ti des? Descoper\u0103 beneficiile \u00eenchirierii auto pe termen lung"}]},{"@type":"WebSite","@id":"https:\/\/rentado.ro\/#website","url":"https:\/\/rentado.ro\/","name":"Rentado - Rent a Car Otopeni","description":"Your Mobility Partner","publisher":{"@id":"https:\/\/rentado.ro\/#organization"},"alternateName":"Inchirieri masini Otopeni","potentialAction":[{"@type":"SearchAction","target":{"@type":"EntryPoint","urlTemplate":"https:\/\/rentado.ro\/?s={search_term_string}"},"query-input":{"@type":"PropertyValueSpecification","valueRequired":true,"valueName":"search_term_string"}}],"inLanguage":"en-US"},{"@type":"Organization","@id":"https:\/\/rentado.ro\/#organization","name":"TTR MOBILITY NETWORK SRL","alternateName":"Rentado","url":"https:\/\/rentado.ro\/","logo":{"@type":"ImageObject","inLanguage":"en-US","@id":"https:\/\/rentado.ro\/#\/schema\/logo\/image\/","url":"https:\/\/rentado.ro\/wp-content\/uploads\/2024\/04\/rentado-686.png","contentUrl":"https:\/\/rentado.ro\/wp-content\/uploads\/2024\/04\/rentado-686.png","width":696,"height":696,"caption":"TTR MOBILITY NETWORK SRL"},"image":{"@id":"https:\/\/rentado.ro\/#\/schema\/logo\/image\/"}},{"@type":"Person","@id":"https:\/\/rentado.ro\/#\/schema\/person\/fd082d67790137b4fc2a7a6de2926533","name":"Dosinescu Ioana","image":{"@type":"ImageObject","inLanguage":"en-US","@id":"https:\/\/rentado.ro\/#\/schema\/person\/image\/","url":"https:\/\/rentado.ro\/wp-content\/litespeed\/avatar\/4b725e7fd2fe470b2e00a74b87e2f04c.jpg?ver=1777442678","contentUrl":"https:\/\/rentado.ro\/wp-content\/litespeed\/avatar\/4b725e7fd2fe470b2e00a74b87e2f04c.jpg?ver=1777442678","caption":"Dosinescu Ioana"},"url":"https:\/\/rentado.ro\/en\/author\/ioana\/"}]}},"_links":{"self":[{"href":"https:\/\/rentado.ro\/en\/wp-json\/wp\/v2\/posts\/5454","targetHints":{"allow":["GET"]}}],"collection":[{"href":"https:\/\/rentado.ro\/en\/wp-json\/wp\/v2\/posts"}],"about":[{"href":"https:\/\/rentado.ro\/en\/wp-json\/wp\/v2\/types\/post"}],"author":[{"embeddable":true,"href":"https:\/\/rentado.ro\/en\/wp-json\/wp\/v2\/users\/2"}],"replies":[{"embeddable":true,"href":"https:\/\/rentado.ro\/en\/wp-json\/wp\/v2\/comments?post=5454"}],"version-history":[{"count":1,"href":"https:\/\/rentado.ro\/en\/wp-json\/wp\/v2\/posts\/5454\/revisions"}],"predecessor-version":[{"id":5457,"href":"https:\/\/rentado.ro\/en\/wp-json\/wp\/v2\/posts\/5454\/revisions\/5457"}],"wp:featuredmedia":[{"embeddable":true,"href":"https:\/\/rentado.ro\/en\/wp-json\/wp\/v2\/media\/5455"}],"wp:attachment":[{"href":"https:\/\/rentado.ro\/en\/wp-json\/wp\/v2\/media?parent=5454"}],"wp:term":[{"taxonomy":"category","embeddable":true,"href":"https:\/\/rentado.ro\/en\/wp-json\/wp\/v2\/categories?post=5454"},{"taxonomy":"post_tag","embeddable":true,"href":"https:\/\/rentado.ro\/en\/wp-json\/wp\/v2\/tags?post=5454"}],"curies":[{"name":"wp","href":"https:\/\/api.w.org\/{rel}","templated":true}]}}